{"id":3998,"date":"2022-05-26T18:19:31","date_gmt":"2022-05-26T16:19:31","guid":{"rendered":"https:\/\/www.mangelsmestre.com\/main\/?p=3998"},"modified":"2022-05-30T19:07:50","modified_gmt":"2022-05-30T17:07:50","slug":"la-quinta-dimension-ii","status":"publish","type":"post","link":"https:\/\/www.mangelsmestre.com\/main\/la-quinta-dimension-ii\/","title":{"rendered":"La Quinta Dimensi\u00f3n II"},"content":{"rendered":"<h4><\/h4>\n<p><img loading=\"lazy\" decoding=\"async\" class=\"aligncenter wp-image-3999\" src=\"https:\/\/www.mangelsmestre.com\/main\/wp-content\/uploads\/sites\/4\/2022\/05\/5-Dimension_01.png\" alt=\"\" width=\"535\" height=\"664\" srcset=\"https:\/\/www.mangelsmestre.com\/main\/wp-content\/uploads\/sites\/4\/2022\/05\/5-Dimension_01.png 691w, https:\/\/www.mangelsmestre.com\/main\/wp-content\/uploads\/sites\/4\/2022\/05\/5-Dimension_01-242x300.png 242w\" sizes=\"auto, (max-width: 535px) 100vw, 535px\" \/><\/p>\n<h4><span style=\"color: #d60d96\">Los C\u00f3digos<\/span><\/h4>\n<p><span style=\"color: #333399\">En el <strong>flash solar del a\u00f1o 2023<\/strong>, los C\u00f3digos para ascender a la Quinta Dimensi\u00f3n (5D) quedar\u00e1n anclados en el planeta Tierra, en su <strong>malla dodeca\u00e9drica<\/strong>. Esta malla tiene otra igual repetida que sirve para hacer el anclaje a la Tierra y que es un software colocado entre las capas tect\u00f3nicas de las l\u00edneas Ley (unen nodos de muy alta energ\u00eda).<br \/>\n<\/span><\/p>\n<p><span style=\"color: #333399\"><img loading=\"lazy\" decoding=\"async\" class=\"size-full wp-image-4000 alignleft\" src=\"https:\/\/www.mangelsmestre.com\/main\/wp-content\/uploads\/sites\/4\/2022\/05\/5-Dimension_02_si.jpg\" alt=\"\" width=\"500\" height=\"500\" srcset=\"https:\/\/www.mangelsmestre.com\/main\/wp-content\/uploads\/sites\/4\/2022\/05\/5-Dimension_02_si.jpg 500w, https:\/\/www.mangelsmestre.com\/main\/wp-content\/uploads\/sites\/4\/2022\/05\/5-Dimension_02_si-300x300.jpg 300w, https:\/\/www.mangelsmestre.com\/main\/wp-content\/uploads\/sites\/4\/2022\/05\/5-Dimension_02_si-150x150.jpg 150w\" sizes=\"auto, (max-width: 500px) 100vw, 500px\" \/>Para que este software quede inscrito a nivel planetario se est\u00e1n trabajando los nodos o chakras planetarios, que deben quedar totalmente comunicados. <\/span><\/p>\n<p><span style=\"color: #333399\">Los seres que no puedan acceder a los C\u00f3digos en el 2023 por no estar preparados, los podr\u00e1n tomar m\u00e1s adelante en las siguientes fases: 2026, 2031, 2036, 2041, &#8230; La administraci\u00f3n ir\u00e1 mandando paquetes de software. La \u00faltima fase ser\u00e1 en el 2075\/2078, en la que el sol mandar\u00e1 un <strong>S\u00faper flash<\/strong> con una <strong>S\u00faper bajada de C\u00f3digos<\/strong> porque es el momento en el que nuestro Sistema Solar cambiar\u00e1 totalmente.\u00a0<\/span><\/p>\n<h4><span style=\"color: #d60d96\">Nuevo Sistema Solar<\/span><\/h4>\n<p><span style=\"color: #333399\">El Nuevo Sistema Solar pasar\u00e1 a la <strong>Sexta Dimensi\u00f3n<\/strong> y nosotros estaremos en la Quinta Dimensi\u00f3n. Nuestro Sistema Solar se unir\u00e1 con su versi\u00f3n et\u00e9rica para alcanzar la 6D. <strong>Cambiar\u00e1 el arquetipo del Sistema Solar<\/strong>. Se eliminar\u00e1n los 2 planetas energ\u00e9ticamente m\u00e1s bajos para sustituirlos por 2 planetas de 6D. Este ser\u00e1 el momento en el que el planeta Tierra necesitar\u00e1 estar en su perfecta 5D para estar en consonancia con el Sistema Solar 6D, que ser\u00e1 administrado por <strong>Sirio<\/strong>. Y cuando alcance la 7D, ser\u00e1 administrada y dirigida por el sol central de la Galaxia, que es lo mismo que decir \u00abEl Alfa y Omega\u00bb o \u00abShamuna Shantar\u00bb en el idioma estelar. <\/span><\/p>\n<p><span style=\"color: #333399\">Siempre la estructura del planeta Tierra se apoya con un nivel superior para que le ayuden a subir de dimensi\u00f3n. <\/span><\/p>\n<h4><span style=\"color: #d60d96\">Limpieza de Nuestro Organismo<\/span><\/h4>\n<p><span style=\"color: #333399\">Lo fundamental para que en el a\u00f1o 2023 podamos anclar los C\u00f3digos es que nuestro organismo est\u00e9 muy limpio y no contaminado. El factor principal es que nuestra sangre est\u00e9 libre de metales pesados. Debido a que tanto lo que respiramos de contaminaci\u00f3n ambiental como lo que comemos est\u00e1 regado con metales pesados, podemos decir que no todos podremos anclar los C\u00f3digos en la primera fase. <\/span><\/p>\n<h4><span style=\"color: #d60d96\">Limpieza del Planeta Tierra<\/span><\/h4>\n<p><span style=\"color: #333399\">Hay un equipo de limpieza de metales pesados del planeta muy extenso que est\u00e1 formado por la misma Gaia, los Gal\u00e1cticos, Sirianos, los Dragones Blancos Alados, los Aviares con Aspiraci\u00f3n. El sol, con su toroide limpiador, tambi\u00e9n hace de aspiradora y de esterilizadora. A<\/span><span style=\"color: #333399\"> la atm\u00f3sfera todav\u00eda le queda un 25% por limpiar.<\/span><\/p>\n<p><span style=\"color: #333399\">Sobre la Tierra se est\u00e1 haciendo la limpieza de los vertidos de los \u00faltimos 30 a\u00f1os como el residuo industrial, las centrales at\u00f3micas. Todo lo at\u00f3mico lo vertieron en contenedores y lo lanzaron a los oc\u00e9anos. <\/span><\/p>\n<h4><span style=\"color: #d60d96\">La Luna<\/span><\/h4>\n<p><span style=\"color: #333399\">La Tierra era como una colonia de Orion que se vio afectada cuando los reptiles Draco hicieron las Guerras de Orion. Finalizada la guerra y debido a la gran destrucci\u00f3n de planetas y la muerte de nuestra luna, se empez\u00f3 un plan nuevo con un Sistema Solar nuevo, que es nuestro actual Sistema Solar. <\/span><\/p>\n<p><span style=\"color: #333399\">La luna anterior era del planeta J\u00fapiter y era una luna viva, ten\u00eda un alma que la habitaba, pero en estas guerras muri\u00f3. Nuestro Sistema Solar pas\u00f3 de pertenecer a Orion a pertenecer a Nevad\u00f3n (sucursal de la Fuente) y el planeta Tierra se ajust\u00f3 al \u00abs\u00edstole\u00bb y \u00abdi\u00e1stole\u00bb, respirando con un software del Universo. <\/span><\/p>\n<p><img loading=\"lazy\" decoding=\"async\" class=\"aligncenter wp-image-4001\" src=\"https:\/\/www.mangelsmestre.com\/main\/wp-content\/uploads\/sites\/4\/2022\/05\/5-Dimension_03.jpg\" alt=\"\" width=\"835\" height=\"470\" srcset=\"https:\/\/www.mangelsmestre.com\/main\/wp-content\/uploads\/sites\/4\/2022\/05\/5-Dimension_03.jpg 1200w, https:\/\/www.mangelsmestre.com\/main\/wp-content\/uploads\/sites\/4\/2022\/05\/5-Dimension_03-300x169.jpg 300w, https:\/\/www.mangelsmestre.com\/main\/wp-content\/uploads\/sites\/4\/2022\/05\/5-Dimension_03-1024x576.jpg 1024w, https:\/\/www.mangelsmestre.com\/main\/wp-content\/uploads\/sites\/4\/2022\/05\/5-Dimension_03-768x432.jpg 768w\" sizes=\"auto, (max-width: 835px) 100vw, 835px\" \/><\/p>\n<p><span style=\"color: #333399\">La luna muerta se la trajo de J\u00fapiter a aqu\u00ed. Se le insert\u00f3 un sistema mec\u00e1nico de 3D y la luna se negativiz\u00f3 hace 100 a\u00f1os cuando la tomaron los Grises y los 3 Dracos Perlados e introdujeron en ella un ordenador cu\u00e1ntico universal. Y, por tanto, pas\u00f3 a ser una luna artificial. La funci\u00f3n correcta del mecanismo de su interior es \u00abaspirar y soltar\u00bb, que es regular el \u00abs\u00edstole\u00bb y la \u00abdi\u00e1stole\u00bb de todo lo que hay en la Tierra, como los oc\u00e9anos, los animales y los humanos. La luna regula la s\u00edstole y di\u00e1stole de la sangre en el coraz\u00f3n, entre otras regulaciones.\u00a0<\/span><\/p>\n<p><span style=\"color: #333399\">Pronto esta luna ya no ser\u00e1 necesaria porque la humanidad pasar\u00e1 a 2 octavas superiores, de la 3D a la 5D vibrando a frecuencias de cristal. Y as\u00ed la luna ser\u00e1 sustituida por un planetoide llamado <strong>Eteria<\/strong> (de \u00e9ter, porque emana \u00e9ter) de 9D, de color \u00ab<strong>azul zafiro<\/strong>\u00bb con la frecuencia del Arc\u00e1ngel Miguel, todos los seres de luz de este rayo y de Nevad\u00f3n, que tambi\u00e9n es rayo \u00ab<strong>azul zafiro<\/strong>\u00ab. <\/span><\/p>\n<p><span style=\"color: #333399\">La luna actual no est\u00e1 pura por la negatividad de la maquinaria y por ser, con permiso de la Confederaci\u00f3n, una base estelar con otra funci\u00f3n, que es la de la instalaci\u00f3n en ella de hangares para el cambio de naves, donde todas las razas positivas y negativas guardan sus naves.\u00a0<\/span><\/p>\n<p><span style=\"color: #333399\">Adem\u00e1s, detr\u00e1s de la luna hay un portal para pasar a otras dimensiones, como un agujero negro al cual no se puede acceder con las naves que pertenecen al mundo material. Tanto los positivos como un 5% de razas negativas llegan con sus naves a la luna, descargan gente de distintas razas, material de otros planetas como casas de comercio (agua, minerales, &#8230;) y cogen otras naves adecuadas y siguen su viaje. <\/span><\/p>\n<p><span style=\"color: #333399\">Al lado de la luna se ve una mancha luminosa que es una nave de guardia del Comando Ashtar con 3 cordones alrededor del Sistema Solar y de la luna, que escolta a las naves negativas cuando entran en el hangar. <\/span><\/p>\n<p><span style=\"color: #333399\">Este conocimiento de la luna es de gran importancia para alertarnos de que no debemos hacer ni meditaciones ni rituales con la luna, como por ejemplo los rituales de luna llena. Y todo ello porque la energ\u00eda de la luna es negativa y se absorbe desde la Tierra, tambi\u00e9n la absorben las personas mediante los flujos de s\u00edstole y di\u00e1stole. Lo hacen con buena intenci\u00f3n porque creen que es energ\u00eda positiva. Anteriormente, la luna no estaba negativizada y los rituales eran adecuados para pasar a una conexi\u00f3n superior cu\u00e1ntica.\u00a0<\/span><\/p>\n<p><span style=\"color: #333399\">Es por esto que los chamanes trabajan con los elementales de la Tierra y con sus animales de poder como los perros-lobo o los huskies siberianos que, con sus aullidos revierten la energ\u00eda negativa que llega de la luna.<\/span><\/p>\n<p><span style=\"color: #333399\"><strong>De la luna llega un 75% de energ\u00eda negativa<\/strong>.<\/span><\/p>\n<h4><span style=\"color: #d60d96\">Portales Org\u00e1nicos: \u00bfpara qu\u00e9 sirven?<\/span><\/h4>\n<p><span style=\"color: #333399\">Un <strong>portal org\u00e1nico<\/strong> es un cuerpo aparentemente humano biol\u00f3gico pero sin su parte espiritual. En s\u00ed mismo un portal org\u00e1nico es neutro y existe en toda la galaxia. El 70% de las razas tienen cuerpo creados por clonaci\u00f3n en laboratorio y sin alma. <\/span><\/p>\n<p><span style=\"color: #333399\">Actualmente el portal org\u00e1nico o envase se le hace nacer de madre porque de esta forma tiene mejor campo at\u00f3mico. Es como fabricar un traje espacial para que alguien se introduzca y pueda vivir en la atm\u00f3sfera de la Tierra.\u00a0<\/span><\/p>\n<p><span style=\"color: #333399\">Nuestro cuerpo no es un portal org\u00e1nico, nosotros somos almas leg\u00edtimas que venimos de la m\u00f3nada de Nevad\u00f3n. Tenemos todos sus c\u00f3digos y cumplimos otra funci\u00f3n: tenemos un cuerpo para que el alma lo habite y un ADN con 12 fibras m\u00e1s la 13\u00aa para ser <strong>Cristos en la Tierra<\/strong>. Somos mucho m\u00e1s que un portal org\u00e1nico para que un alma lo habite.<\/span><\/p>\n<h5><span style=\"color: #10ada8\">Portales Org\u00e1nicos Negativos<\/span><\/h5>\n<p><span style=\"color: #333399\">En el planeta Tierra y dentro de portales org\u00e1nicos tenemos de todo. Cuando se cay\u00f3 la Atl\u00e1ntida en la rebeli\u00f3n de Lucifer, este su uni\u00f3 a Satanael, regente de la raza reptoide de Ori\u00f3n y, junto a los Dracos, contin\u00faan hasta hoy siendo negativos. No ha habido posibilidad de que se positivicen. Lo ha intentado el Arc\u00e1ngel Metatr\u00f3n, Kwan Yin, la Orden Kumara de Sirio&#8230;<\/span><\/p>\n<p><strong><span style=\"color: #333399\">Lucifer abri\u00f3 los portales a las razas negativas y la humanidad<\/span><\/strong><span style=\"color: #333399\"><strong> cay\u00f3<\/strong>. Estas razas se trajeron los laboratorios y los instalaron en cuevas, tipo t\u00faneles, montando bases subterr\u00e1neas en el \u00abTri\u00e1ngulo del Diablo\u00bb en China, debajo del \u00ab\u00e1rea 51\u00bb, debajo del \u00ab\u00e1rea de Dulce\u00bb,&#8230;<\/span><\/p>\n<p><span style=\"color: #333399\">Los reptiles son excelentes genetistas y saben muy bien como crear cuerpos y ADNs. Crearon cuerpos tomando nuestra gen\u00e9tica mientras dorm\u00edamos, a partir del doble astral. Debido a estas pesquisas gen\u00e9ticas clonaron cientos de cuerpos humanos, solo su cuerpo y masculinos. <\/span><\/p>\n<p><span style=\"color: #333399\">Estas razas reptiles, como no pod\u00edan vivir bajo la frecuencia de la luz del sol, sal\u00edan de sus cuerpos y se alojaban en cuerpos de portales org\u00e1nicos para poder ir a la superficie. A esta maniobra se la llama \u00ab<strong>Hibridaci\u00f3n<\/strong>\u00ab.\u00a0<\/span><\/p>\n<p><span style=\"color: #333399\">Mediante la Hibridaci\u00f3n usaron portales org\u00e1nicos negativos para vivir como humanos entre nosotros. Un humano que no conoce el amor con la caracter\u00edstica de psic\u00f3pata o loco o asesino.<\/span><\/p>\n<h5><span style=\"color: #10ada8\">Portales Org\u00e1nicos Positivos<\/span><\/h5>\n<p><span style=\"color: #333399\">En el proceso actual planetario de ascensi\u00f3n, se les ha dado permiso a muchas razas de la Galaxia para estar en un portal org\u00e1nico positivo. <\/span><span style=\"color: #333399\">Se trata de 63 razas positivas totalmente estancadas en su evoluci\u00f3n y sin negatividad. Entre ellas est\u00e1n muchos escribas que cuentan lo que sucede en nuestro planeta para llev\u00e1rselo a sus lugares de origen, porque la Ascensi\u00f3n ya est\u00e1 confirmada. <\/span><\/p>\n<h5><span style=\"color: #10ada8\">Los Walkins<\/span><\/h5>\n<p><span style=\"color: #333399\">Los Walkins son siempre seres de luz que ocupan el cuerpo de otra persona que fallece, por ejemplo con 50 a\u00f1os. Es un arreglo urgente, porque el ocupante del cuerpo prestado tiene que venir a trabajar para el plan y, si naciera de madre, tendr\u00eda que esperar un tiempo largu\u00edsimo hasta crecer. <\/span><\/p>\n<p><span style=\"color: #333399\">Tres o cuatro d\u00edas antes de la muerte, sale el alma del que fallecer\u00e1, dejando el cuerpo vivo, y entra el ser de luz (que es el Walkin) con su misi\u00f3n urgente.<\/span><\/p>\n<h5><span style=\"color: #10ada8\">Nosotros<\/span><\/h5>\n<p><span style=\"color: #333399\">Nosotros somos como portales org\u00e1nicos nacidos de madre, pero mucho m\u00e1s completos porque tenemos los C\u00f3digos del Creador. <\/span><\/p>\n<h4><span style=\"color: #d60d96\">Las Dimensiones del Ser Humano<\/span><\/h4>\n<p><span style=\"color: #333399\">Cada dimensi\u00f3n tiene 7 planos. Imaginemos que estamos en la 5D, para ir evolucionando partimos de un punto y giramos en espiral hacia arriba y volvemos al punto de origen pero en un nivel superior. Estamos en 5-1. <\/span><\/p>\n<p><span style=\"color: #333399\">Cada plano es superior al anterior y vamos subiendo en espiral. Hoy hay humanos que viven en 5D, pero el planeta todav\u00eda no. Este subir\u00e1 con el Gran Flash Solar del a\u00f1o 2075\/2078. <\/span><\/p>\n<p><span style=\"color: #333399\">Cuando alcancemos la 5D cambiaremos la estructura biomolecular de nuestro cuerpo humano.<\/span><\/p>\n<p><span style=\"color: #333399\">Antes de la 5D estamos en una estructura de carbono que se oxida y, como consecuencia, la c\u00e9lula envejece y muere con un promedio de vida de 80\/90 a\u00f1os. Esto ocurre por la acidez, que impide que puedas mutar y mejorar. <\/span><\/p>\n<p><span style=\"color: #333399\"><img loading=\"lazy\" decoding=\"async\" class=\" wp-image-4003 alignright\" src=\"https:\/\/www.mangelsmestre.com\/main\/wp-content\/uploads\/sites\/4\/2022\/05\/5-Dimension_silicio.jpg\" alt=\"\" width=\"260\" height=\"315\" \/>Con la alcalinidad empezamos a cambiar nuestra estructura, aunque solo sea con un pH 8, ya que posibilitas que el carbono mute a silicio.<\/span><\/p>\n<p><span style=\"color: #333399\">El silicio genera frecuencias de luz, el carbono genera calor. Son 2 formas de energ\u00eda muy diferentes. <\/span><\/p>\n<p><span style=\"color: #333399\">La energ\u00eda de frecuencia de luz es como la energ\u00eda Tesla o la energ\u00eda del Sol, que es<strong> libre, eterna e infinita, y se autorrepara continuamente<\/strong>. El humano que tiene silicio emana luz de colores, a veces de color verde. Por eso se dice \u00abde oruga a mariposa\u00bb, porque la metamorfosis es sin morir. <\/span><\/p>\n<p><span style=\"color: #333399\">Nos conviene pasar de carbono a silicio porque vibrar a silicio significa que el n\u00facleo de cada c\u00e9lula va a contener silicio, que en su primera etapa es l\u00edquido.<\/span><\/p>\n<p><span style=\"color: #333399\">En el plano 1 de la 5D los cuerpos mueren a partir de los 120 a\u00f1os. <\/span><\/p>\n<p><span style=\"color: #333399\">En el plano 5 de la 5D vamos a vibrar en 500\/600Hz y vamos aumentando el campo at\u00f3mico y vamos a vivir 300-700 a\u00f1os y, al alcanzar el plano 6\/7 de la 5D (que es lo m\u00e1ximo en esta dimensi\u00f3n) viviremos de 11.000 a 13.000 a\u00f1os en el mismo cuerpo f\u00edsico.\u00a0 Cuando se alcance esta edad, \u00bfvamos a nacer de madre? No, porque los genetistas Voronadek de las naves, como el Comando Santa Esmeralda, nos pasar\u00e1n por las camas Med-Bed para que, sin morir, podamos, si es nuestro deseo, cambiar de cuerpo para cumplir otra nueva misi\u00f3n. Este nuevo cuerpo va a medir 3 metros de altura. <\/span><\/p>\n<h4><span style=\"color: #d60d96\">Periodos Gal\u00e1cticos<\/span><\/h4>\n<h5><span style=\"color: #10ada8\">Seres 3D, Seres 5D, Seres 7D<\/span><\/h5>\n<p><span style=\"color: #333399\">A medida que se fallece en 3D, ya no se vuelve m\u00e1s a la Tierra y, las nuevas almas, nacen en 5D. <\/span><\/p>\n<p><span style=\"color: #333399\">Nosotros, los que hemos vivido desde la Atl\u00e1ntida, Lem\u00faria, Sumeria y estamos aqu\u00ed, venimos todos de la dimensi\u00f3n 7, generalmente por ley. Tambi\u00e9n entre 7\/9 y, por supuesto, hay encarnados de dimensiones m\u00e1s altas, pero no es lo general de esta raza. <\/span><\/p>\n<figure id=\"attachment_4002\" aria-describedby=\"caption-attachment-4002\" style=\"width: 560px\" class=\"wp-caption aligncenter\"><img loading=\"lazy\" decoding=\"async\" class=\"wp-image-4002 size-full\" src=\"https:\/\/www.mangelsmestre.com\/main\/wp-content\/uploads\/sites\/4\/2022\/05\/5-Dimension_05.jpg\" alt=\"\" width=\"560\" height=\"420\" srcset=\"https:\/\/www.mangelsmestre.com\/main\/wp-content\/uploads\/sites\/4\/2022\/05\/5-Dimension_05.jpg 560w, https:\/\/www.mangelsmestre.com\/main\/wp-content\/uploads\/sites\/4\/2022\/05\/5-Dimension_05-300x225.jpg 300w\" sizes=\"auto, (max-width: 560px) 100vw, 560px\" \/><figcaption id=\"caption-attachment-4002\" class=\"wp-caption-text\"><em>Agujeros negros para cambiar de dimensi\u00f3n<br \/><\/em><\/figcaption><\/figure>\n<p><span style=\"color: #333399\">Nosotros ya no vamos a entrar m\u00e1s al planeta Tierra, cada uno ir\u00e1 a su sistema estelar de origen para reconectar con su cuerpo criog\u00e9nico, que ten\u00edamos guardado anteriormente. Podemos decir que es nuestra \u00faltima encarnaci\u00f3n. El que era de Pl\u00e9yades se ir\u00e1 a Pl\u00e9yades, el de Andr\u00f3meda se ir\u00e1 a all\u00ed, cada uno a su lugar, ya cumplimos. Y vendr\u00e1 a la Tierra todo un plantel nuevo. En general, como comienza la Era de la Luz Divina o Era de Luz Solar, vienen todas las almas de los seres que habitan el sol.\u00a0<\/span><\/p>\n<p><span style=\"color: #333399\">Para los que no se quieran marchar, no fallecen, cambian el contrato y se quedan aqu\u00ed recalibr\u00e1ndose de nuevo a 5D. Pero si vamos al cambio de Plan General, todas las almas estamos listas para irnos, para todas es nuestra \u00faltima encarnaci\u00f3n en el mundo en 3D.<\/span><\/p>\n<h4><span style=\"color: #d60d96\">Las Misiones en cada Encarnaci\u00f3n<\/span><\/h4>\n<p><span style=\"color: #333399\">Cada alma que viene a la Tierra viene a trabajar 3 temas. Si en la anterior encarnaci\u00f3n no evolucionaste nada, estuviste en zona de confort, ya no tienes 3 temas en la nueva encarnaci\u00f3n, sino que tienes 6 (los 3 anteriores y los 3 nuevos). Es por esto que muchas personas lloran muy a menudo y se preguntan \u00ab\u00bfpor qu\u00e9 mi vida est\u00e1 tan llena de dificultades y me suceden tantas desgracias y a los dem\u00e1s de mi entorno no es as\u00ed?\u00bb. La raz\u00f3n es porque en las anteriores encarnaciones no te autotrascendiste.\u00a0<\/span><\/p>\n<h4><span style=\"color: #d60d96\">Los Terapeutas<\/span><\/h4>\n<p><span style=\"color: #333399\">Los Terapeutas tienen que ayudar y guiar a las personas con amor incondicional para que ellas trasciendan sus problemas. A veces ocurre que la gente acuda al terapeuta para que se los resuelva. En esta vida el paciente lo tiene f\u00e1cil, pero el terapeuta carga con el proceso del paciente. El terapeuta, en la pr\u00f3xima encarnaci\u00f3n, tendr\u00e1 un mont\u00f3n de asuntos a limpiar y que no le pertenecen; pero viol\u00f3 la ley del libre albedr\u00edo, que es igual a que \u00abno debe interrumpir el proceso de nadie\u00bb.\u00a0<\/span><\/p>\n<p><span style=\"color: #333399\">Cada alma tiene que pasar por su escuela y su aprendizaje, ya que siempre evolucionar\u00e1, no hay involuci\u00f3n, siempre se debe trabajar para conseguirlo.<\/span><\/p>\n<p>&nbsp;<\/p>\n<p><em><span style=\"color: #333399\">Este post es un resumen del siguiente v\u00eddeo de Andrea Barnab\u00e9:<\/span><\/em><\/p>\n<p><iframe loading=\"lazy\" title=\"Recordando la quinta Dimensi\u00f3n. Andrea Barnab\u00e9, 2\u00b0 entrevista.\" width=\"780\" height=\"439\" src=\"https:\/\/www.youtube.com\/embed\/BsWczfqvEi0?feature=oembed\" frameborder=\"0\" allow=\"accelerometer; autoplay; clipboard-write; encrypted-media; gyroscope; picture-in-picture\" allowfullscreen><\/iframe><\/p>\n<p>&nbsp;<\/p>\n<p><span style=\"color: #28d49d\"><strong>Accede a los \u00faltimos posts<\/strong>:<\/span><\/p>\n<ul>\n<li><a href=\"https:\/\/www.mangelsmestre.com\/main\/el-alma-interior-de-krista-mi-alma-agradece-a-tu-alma\/\" target=\"_blank\" rel=\"noopener\"><em>Al alma interior de Krista &#8211; Mi alma agradece a tu alma<\/em><\/a><\/li>\n<li><a href=\"https:\/\/www.mangelsmestre.com\/main\/la-quinta-dimension-i\/\" target=\"_blank\" rel=\"noopener\"><em>La Quinta Dimensi\u00f3n I<\/em><\/a><\/li>\n<li><a href=\"https:\/\/www.mangelsmestre.com\/main\/shanta-gabriel-para-el-arcangel-uriel-un-tiempo-de-luz-expandida-del-arcangel-uriel\/\" target=\"_blank\" rel=\"noopener\"><em>Shanta Gabriel para el Arc\u00e1ngel Uriel &#8211; Un tiempo de Luz Expandida del Arc\u00e1ngel Uriel<\/em> <\/a><\/li>\n<li><a href=\"https:\/\/www.mangelsmestre.com\/main\/starlink-sera-el-nuevo-sistema-ashtar-sheran-a-traves-de-sharon-stewart\/\" target=\"_blank\" rel=\"noopener\"><em>Starlink ser\u00e1 el Nuevo Sistema &#8211; Ashtar Sheran a trav\u00e9s de Sharon Stewart<\/em><\/a><\/li>\n<li><a href=\"https:\/\/www.mangelsmestre.com\/main\/padre-absoluto-ventana-al-nuevo-mundo-buscando-almas-gemelas\/\" target=\"_blank\" rel=\"noopener\"><em>Padre Absoluto &#8211; Ventana al Nuevo Mundo (Buscando Almas Gemelas)<\/em><\/a><\/li>\n<li><a href=\"https:\/\/www.mangelsmestre.com\/main\/como-liberarse-de-energias-oscuras-como-miasmas-egregores-implantes\/\" target=\"_blank\" rel=\"noopener\"><em>C\u00f3mo liberarse de energ\u00edas oscuras como miasmas, egr\u00e9gores, implantes&#8230;<\/em><\/a><\/li>\n<li><a href=\"https:\/\/www.mangelsmestre.com\/main\/la-gran-expansion-de-la-conciencia-y-los-eclipses-del-fenix-abril-mayo-2022\/\" target=\"_blank\" rel=\"noopener\"><em>La Gran Expansi\u00f3n de la Conciencia y los Eclipses del F\u00e9nix Abril\/Mayo 2022<\/em><\/a><\/li>\n<li><a href=\"https:\/\/www.mangelsmestre.com\/main\/jesus-a-traves-de-juan-deja-ir-los-juicios-falsos-negativos\/\" target=\"_blank\" rel=\"noopener\"><em>Jes\u00fas a trav\u00e9s de Juan: Deja ir los juicios falsos negativos<\/em><\/a><\/li>\n<li><a href=\"https:\/\/www.mangelsmestre.com\/main\/quien-eres-en-verdad-arcangel-gabriel-a-traves-de-shanta-gabriel\/\" target=\"_blank\" rel=\"noopener\"><em>Qui\u00e9n eres en verdad &#8211; Arc\u00e1ngel Gabriel a trav\u00e9s de Shanta Gabriel<\/em><\/a><\/li>\n<li><a href=\"https:\/\/www.mangelsmestre.com\/main\/invocacion-de-energias-en-la-meditacion\/\" target=\"_blank\" rel=\"noopener\"><em>Invocaci\u00f3n de Energ\u00edas en la Meditaci\u00f3n<\/em><\/a><\/li>\n<li><em><a href=\"https:\/\/www.mangelsmestre.com\/main\/mer-ka-bah-cuerpo-de-luz\/\" target=\"_blank\" rel=\"noopener\">MerKaBah Cuerpo de Luz<\/a><\/em><\/li>\n<li><a href=\"https:\/\/www.mangelsmestre.com\/main\/codigo-kadistu\/\" target=\"_blank\" rel=\"noopener\"><em>C\u00f3digo Kadistu<\/em><\/a><\/li>\n<li><a href=\"https:\/\/www.mangelsmestre.com\/main\/lineas-de-tiempo\/\" target=\"_blank\" rel=\"noopener\"><em>L\u00edneas de Tiempo<\/em><\/a><\/li>\n<li><a href=\"https:\/\/www.mangelsmestre.com\/main\/las-sacerdotisas-de-isis\/\" target=\"_blank\" rel=\"noopener\"><em>Las Sacerdotisas de Isis<\/em><\/a><\/li>\n<li><a href=\"https:\/\/www.mangelsmestre.com\/main\/el-yo-soy\/\" target=\"_blank\" rel=\"noopener\"><em>El Yo Soy<\/em><\/a><\/li>\n<li><a href=\"https:\/\/www.mangelsmestre.com\/main\/la-llama-trina\/\" target=\"_blank\" rel=\"noopener\"><em>La Llama Trina<\/em><\/a><\/li>\n<li><a href=\"https:\/\/www.mangelsmestre.com\/main\/la-ascension-es-el-objetivo-final-del-crecimiento-espiritual\/\" target=\"_blank\" rel=\"noopener\"><em>La Ascensi\u00f3n es el objetivo final del Crecimiento Espiritual<\/em><\/a><\/li>\n<li><a href=\"https:\/\/www.mangelsmestre.com\/main\/alimentacion-para-la-ascension\/\" target=\"_blank\" rel=\"noopener\"><em>Alimentaci\u00f3n para la Ascensi\u00f3n<\/em><\/a><\/li>\n<li><a href=\"https:\/\/www.mangelsmestre.com\/main\/mensajes-para-calma\/\" target=\"_blank\" rel=\"noopener\"><em>Mensajes para la Calma<\/em><\/a><\/li>\n<li><a href=\"https:\/\/www.mangelsmestre.com\/main\/la-esfera-espejo-y-la-energia-de-la-ascension\/\" target=\"_blank\" rel=\"noopener\"><em>La Esfera Espejo y la Energ\u00eda de la Ascensi\u00f3n<\/em><\/a><\/li>\n<li><a href=\"https:\/\/www.mangelsmestre.com\/main\/los-12-rayos-divinos-y-meditacion\/\" target=\"_blank\" rel=\"noopener\"><em>Los 12 Rayos Divinos y Meditaci\u00f3n<\/em><\/a><\/li>\n<li><a href=\"https:\/\/www.mangelsmestre.com\/main\/energias-del-tiempo-y-del-espacio\/\" target=\"_blank\" rel=\"noopener\"><em>Energ\u00edas del Tiempo y del Espacio<\/em><\/a><\/li>\n<li><a href=\"https:\/\/www.mangelsmestre.com\/main\/la-importancia-de-los-chakras-desde-lo-fisico-a-lo-sutil\/\" target=\"_blank\" rel=\"noopener\"><em>La importancia de los Chakras, desde lo F\u00edsico a lo Sutil<\/em><\/a><\/li>\n<li class=\"trail-item\"><a href=\"https:\/\/www.mangelsmestre.com\/main\/peticiones-en-la-meditacion\/\" target=\"_blank\" rel=\"noopener\"><em>Peticiones en la Meditaci\u00f3n<\/em><\/a><\/li>\n<li><a href=\"https:\/\/www.mangelsmestre.com\/main\/caminando-hacia-la-5a-dimension-andrea-bernabe-1a-entrevista\/\" target=\"_blank\" rel=\"noopener\"><em>Caminando hacia la 5\u00aa Dimensi\u00f3n -Andrea Barnab\u00e9 1\u00aa Entrevista-<\/em><\/a><\/li>\n<li class=\"trail-item\"><a href=\"https:\/\/www.mangelsmestre.com\/main\/lecciones-fundamentales-del-arcangel-miguel\/\" target=\"_blank\" rel=\"noopener\"><em>Lecciones fundamentales del Arc\u00e1ngel Miguel<\/em><\/a><\/li>\n<li><a href=\"https:\/\/www.mangelsmestre.com\/main\/el-agua-transicion-hacia-el-nuevo-paradigma-parte-3\/\" target=\"_blank\" rel=\"noopener\"><em>El agua: Transici\u00f3n hacia el nuevo paradigma (parte 3)<\/em><\/a><\/li>\n<li><em><a href=\"https:\/\/www.mangelsmestre.com\/main\/el-kybalion\/\" target=\"_blank\" rel=\"noopener\">Los 7 principios del Kybali\u00f3n<\/a><\/em><\/li>\n<li><em><a href=\"https:\/\/www.mangelsmestre.com\/main\/semillas-estelares\/\" target=\"_blank\" rel=\"noopener\">Semillas estelares<\/a><\/em><\/li>\n<li><em><a href=\"https:\/\/www.mangelsmestre.com\/main\/vida-en-la-tierra-nueva-monolito-dorado\/\" target=\"_blank\" rel=\"noopener\">Vida en la Tierra Nueva (Monolito Dorado)<\/a><\/em><\/li>\n<li><em><a href=\"https:\/\/www.mangelsmestre.com\/main\/el-misterio-de-los-monolitos-en-el-mundo\/\" target=\"_blank\" rel=\"noopener\">El misterio de los monolitos en el mundo<\/a><\/em><\/li>\n<li><a href=\"https:\/\/www.mangelsmestre.com\/main\/respiracion-infinito-y-punto-de-quietud\/\" target=\"_blank\" rel=\"noopener\"><em>Respiraci\u00f3n Infinito y punto de quietud<\/em><\/a><\/li>\n<li><a href=\"https:\/\/www.mangelsmestre.com\/main\/corazon-organo-sagrado\/\" target=\"_blank\" rel=\"noopener\"><em>Coraz\u00f3n: \u00f3rgano sagrado<\/em><\/a><\/li>\n<li><a href=\"https:\/\/www.mangelsmestre.com\/main\/meditacion-en-el-corazon\/\" target=\"_blank\" rel=\"noopener\"><em>Meditaci\u00f3n en el Coraz\u00f3n<\/em><\/a><\/li>\n<li><a href=\"https:\/\/mensajes-del-arcangel-miguel.blogspot.com\/p\/creando-su-piramide-de-poder-en-la.html?fbclid=IwAR2lLX2EWSnMVOjp4hrtUKIKSsh_WlfD-gYfBkY2yiLYe8-FHJDkTTJJQfo\" target=\"_blank\" rel=\"noopener\"><em>Creando su pir\u00e1mide de poder en la 5\u00aa Dimensi\u00f3n<\/em><\/a><\/li>\n<li><a href=\"https:\/\/www.mangelsmestre.com\/main\/reflexiones-sobre-el-nuevo-paradigma-parte-1\/\" target=\"_blank\" rel=\"noopener\"><em>Reflexiones sobre el nuevo paradigma (1\u00aa Parte)<\/em><\/a><\/li>\n<li><a href=\"https:\/\/www.mangelsmestre.com\/main\/reflexiones-sobre-el-nuevo-paradigma-parte-2\/\" target=\"_blank\" rel=\"noopener\"><em>Reflexiones sobre el nuevo paradigma (2 Parte)<\/em><\/a><\/li>\n<li><a href=\"https:\/\/www.mangelsmestre.com\/main\/activacion-de-la-glandula-pineal\/\" target=\"_blank\" rel=\"noopener\"><em>Activaci\u00f3n de la gl\u00e1ndula pineal<\/em><\/a><\/li>\n<li><a href=\"https:\/\/www.mangelsmestre.com\/main\/las-9-cartas-de-cristo\/\" target=\"_blank\" rel=\"noopener\"><em>Las 9 cartas de Cristo<\/em><\/a><\/li>\n<li><a href=\"https:\/\/www.mangelsmestre.com\/main\/si-lo-crees-lo-creas\/\" target=\"_blank\" rel=\"noopener\"><em>Si lo crees, lo creas<\/em><\/a><\/li>\n<li><a href=\"https:\/\/www.mangelsmestre.com\/main\/el-mer-ka-ba-y-la-meditacion-mer-ka-ba\/\" target=\"_blank\" rel=\"noopener\"><em>El Mer-Ka-Ba y la Meditaci\u00f3n Mer-Ka-Ba<\/em><\/a><\/li>\n<li><a href=\"https:\/\/www.mangelsmestre.com\/main\/evolucion-de-los-distintos-mer-ka-bas-hacia-la-ascension\/\" target=\"_blank\" rel=\"noopener\"><em>Evoluci\u00f3n de los distintos Mer-Ka-Bas hacia la Ascensi\u00f3n<\/em><\/a><\/li>\n<li><a href=\"https:\/\/www.mangelsmestre.com\/main\/la-geometria-sagrada\/\" target=\"_blank\" rel=\"noopener\"><em>La Geometr\u00eda Sagrada<\/em><\/a><\/li>\n<\/ul>\n","protected":false},"excerpt":{"rendered":"<p>Los C\u00f3digos En el flash solar del a\u00f1o 2023, los C\u00f3digos para ascender a la Quinta Dimensi\u00f3n (5D) quedar\u00e1n anclados [&hellip;]<\/p>\n","protected":false},"author":2,"featured_media":4002,"comment_status":"open","ping_status":"open","sticky":false,"template":"","format":"standard","meta":{"footnotes":""},"categories":[1],"tags":[],"class_list":["post-3998","post","type-post","status-publish","format-standard","has-post-thumbnail","hentry","category-sin-categoria"],"_links":{"self":[{"href":"https:\/\/www.mangelsmestre.com\/main\/wp-json\/wp\/v2\/posts\/3998","targetHints":{"allow":["GET"]}}],"collection":[{"href":"https:\/\/www.mangelsmestre.com\/main\/wp-json\/wp\/v2\/posts"}],"about":[{"href":"https:\/\/www.mangelsmestre.com\/main\/wp-json\/wp\/v2\/types\/post"}],"author":[{"embeddable":true,"href":"https:\/\/www.mangelsmestre.com\/main\/wp-json\/wp\/v2\/users\/2"}],"replies":[{"embeddable":true,"href":"https:\/\/www.mangelsmestre.com\/main\/wp-json\/wp\/v2\/comments?post=3998"}],"version-history":[{"count":15,"href":"https:\/\/www.mangelsmestre.com\/main\/wp-json\/wp\/v2\/posts\/3998\/revisions"}],"predecessor-version":[{"id":4018,"href":"https:\/\/www.mangelsmestre.com\/main\/wp-json\/wp\/v2\/posts\/3998\/revisions\/4018"}],"wp:featuredmedia":[{"embeddable":true,"href":"https:\/\/www.mangelsmestre.com\/main\/wp-json\/wp\/v2\/media\/4002"}],"wp:attachment":[{"href":"https:\/\/www.mangelsmestre.com\/main\/wp-json\/wp\/v2\/media?parent=3998"}],"wp:term":[{"taxonomy":"category","embeddable":true,"href":"https:\/\/www.mangelsmestre.com\/main\/wp-json\/wp\/v2\/categories?post=3998"},{"taxonomy":"post_tag","embeddable":true,"href":"https:\/\/www.mangelsmestre.com\/main\/wp-json\/wp\/v2\/tags?post=3998"}],"curies":[{"name":"wp","href":"https:\/\/api.w.org\/{rel}","templated":true}]}}