{"id":4552,"date":"2023-03-05T07:56:44","date_gmt":"2023-03-05T06:56:44","guid":{"rendered":"https:\/\/www.mangelsmestre.com\/main\/?p=4552"},"modified":"2023-06-03T18:53:20","modified_gmt":"2023-06-03T16:53:20","slug":"el-cerebro-cuantico-y-su-poder","status":"publish","type":"post","link":"https:\/\/www.mangelsmestre.com\/main\/el-cerebro-cuantico-y-su-poder\/","title":{"rendered":"El cerebro cu\u00e1ntico y su poder. Mutaci\u00f3n de Mente a Conciencia"},"content":{"rendered":"<h3><img loading=\"lazy\" decoding=\"async\" class=\"aligncenter size-full wp-image-4555\" src=\"https:\/\/www.mangelsmestre.com\/main\/wp-content\/uploads\/sites\/4\/2023\/02\/Cerebro-humano.jpg\" alt=\"\" width=\"790\" height=\"388\" srcset=\"https:\/\/www.mangelsmestre.com\/main\/wp-content\/uploads\/sites\/4\/2023\/02\/Cerebro-humano.jpg 790w, https:\/\/www.mangelsmestre.com\/main\/wp-content\/uploads\/sites\/4\/2023\/02\/Cerebro-humano-300x147.jpg 300w, https:\/\/www.mangelsmestre.com\/main\/wp-content\/uploads\/sites\/4\/2023\/02\/Cerebro-humano-768x377.jpg 768w\" sizes=\"auto, (max-width: 790px) 100vw, 790px\" \/><span style=\"color: #d93886\"><strong>Desprogramaci\u00f3n<\/strong><\/span><\/h3>\n<p><strong><span style=\"color: #0000ff\">Debemos desprogramar del c\u00f3rtex cerebral el programa mente-negativo de la 3D y adquirir el modo conciencia, que no es tan solo positivo sino que tambi\u00e9n es integrativo de toda la informaci\u00f3n. <\/span><\/strong><\/p>\n<p><strong><span style=\"color: #0000ff\">En la 3D pasamos por experiencias fractalizadas, separadas de la realidad. Desprogramando pasaremos al siguiente programa, que es el de modo consciente de la realidad, y recuperaremos el l\u00f3bulo derecho, que est\u00e1 conectado con todo el Universo, un software que todav\u00eda no hemos usado en la 3D. <\/span><\/strong><\/p>\n<p><strong><span style=\"color: #0000ff\">Con el modo conciencia accedemos al uso del banco de datos universal. <\/span><\/strong><\/p>\n<p><strong><span style=\"color: #0000ff\">Nuestra raza es <span style=\"text-decoration: underline\">autosuperable<\/span> y <span style=\"text-decoration: underline\">autoprogramable<\/span>, pero nadie nos ayudar\u00e1. Lo lograremos resete\u00e1ndonos continuamente, comprendiendo la informaci\u00f3n. Lo m\u00e1s dif\u00edcil de desprogramar es el cambio de alimentaci\u00f3n, debido a las emociones negativas de cada encarnaci\u00f3n y a nuestra mente. <\/span><\/strong><\/p>\n<p><strong><span style=\"color: #0000ff\">Para ayudarnos nos han dado un regalo divino, 2 herramientas en el ADN para concebirlo muy r\u00e1pido, aunque tenemos que poner de nuestra voluntad para utilizarlas. <\/span><\/strong><\/p>\n<p><strong><span style=\"color: #0000ff\">1.- La neuroplasticidad. <\/span><\/strong><\/p>\n<p><strong><span style=\"color: #0000ff\">2.- La mutaci\u00f3n de mente a conciencia. \u00bfCu\u00e1ntos aspectos hay que mutar? 3 aspectos, ya que somos cuerpo, mente y esp\u00edritu. <\/span><\/strong><\/p>\n<p><strong><span style=\"color: #0000ff\">Cuerpo f\u00edsico: Pasaremos de carbono a silicio <\/span><\/strong><\/p>\n<p><strong><span style=\"color: #0000ff\"><span style=\"text-decoration: underline\">Mente<\/span>: Pasaremos de mente a conciencia <\/span><\/strong><\/p>\n<p><strong><span style=\"color: #0000ff\">Esp\u00edritu: Pasaremos del ser inferior al Ser Superior con el anclaje a la luz del esp\u00edritu. Activamos las memorias. <\/span><\/strong><\/p>\n<p><strong><span style=\"color: #0000ff\">Hoy hablaremos de la mente y de las 2 herramientas.<\/span><\/strong><\/p>\n<h4><span style=\"color: #d93886\">1.- La Neuroplasticidad<\/span><\/h4>\n<p><strong><span style=\"color: #0000ff\">Todo lo que hay dentro del cerebro (neuronas, gl\u00e1ndulas, hormonas, sustancias, interconexiones nerviosas,&#8230;) lo llamamos c\u00f3rtex cerebral y los nacidos antes del 2012, o sea, nosotros, construiremos una nueva estructura de cambio hacia el neoc\u00f3rtex cerebral que ya tienen los ni\u00f1os nacidos despu\u00e9s del 2012. Ellos tienen instalado durante el proceso de gestaci\u00f3n fetal un nuevo volumen craneal. Son los ni\u00f1os cristal, arco iris, diamante,&#8230; Nosotros para conseguirlo, adem\u00e1s de las 2 herramientas citadas, nos est\u00e1n enviando frecuencias de alta gama desde la galaxia, que entran a nuestra biolog\u00eda molecular totalmente codificada y resetean nuestras c\u00e9lulas para cambiarlas a c\u00e9lulas nuevas. Es la energ\u00eda del fot\u00f3n. <\/span><\/strong><\/p>\n<p><strong><span style=\"color: #0000ff\">Estas frecuencias tambi\u00e9n act\u00faan en m\u00e1s campo de estructura neuronal, generando m\u00e1s masa cerebral en toda nuestra cabeza y, espec\u00edficamente, creando m\u00e1s neuronas, dando lugar al neoc\u00f3rtex cerebral. <\/span><\/strong><\/p>\n<p><img loading=\"lazy\" decoding=\"async\" class=\"aligncenter size-full wp-image-4557\" src=\"https:\/\/www.mangelsmestre.com\/main\/wp-content\/uploads\/sites\/4\/2023\/02\/Humano-5D.png\" alt=\"\" width=\"663\" height=\"552\" srcset=\"https:\/\/www.mangelsmestre.com\/main\/wp-content\/uploads\/sites\/4\/2023\/02\/Humano-5D.png 663w, https:\/\/www.mangelsmestre.com\/main\/wp-content\/uploads\/sites\/4\/2023\/02\/Humano-5D-300x250.png 300w\" sizes=\"auto, (max-width: 663px) 100vw, 663px\" \/><\/p>\n<p><strong><span style=\"color: #0000ff\">En la foto vemos unas manchas oscuras, que son los espacios para albergar m\u00e1s masa cerebral, tanto frontal como hacia arriba. Adem\u00e1s de estos espacios, hay que mutar la estructura de nuestro cr\u00e1neo, que crece hacia arriba, hacia la corona, convirtiendo nuestro rostro en ligeramente m\u00e1s alargado. <\/span><\/strong><\/p>\n<p><strong><span style=\"color: #0000ff\">Este proceso es muy lento y adaptable. Trabaja ayudado por el cambio de carbono a silicio porque el cuerpo no hace resistencia. Al final del proceso veremos el resultado. <\/span><\/strong><\/p>\n<h3><span style=\"color: #d93886\">Nuevo programa<\/span><\/h3>\n<p><strong><span style=\"color: #0000ff\">Esta mutaci\u00f3n craneal se la suma a otras partes de nuestra biolog\u00eda porque el cuerpo de 5D no tiene grasa, ya que no hay base proteica. Esta queda sustituida por los \u00e1cidos oleicos. <\/span><\/strong><\/p>\n<p><strong><span style=\"color: #0000ff\">Estos cambios se realizar\u00e1n entre el a\u00f1o 2026 al 2038 y son cambios estructurales para recalibrar, mutar y reconfigurar toda la biolog\u00eda, la conciencia, y hacer el anclaje del esp\u00edritu para empezar a vivir en el Humano Galacticus base cristal 9.9.9. Esta es la reconfiguraci\u00f3n 5D de la raza Adam Kadmon de las 33 capas, la codificaci\u00f3n de nuestro ADN de 5D. <\/span><\/strong><\/p>\n<h3><span style=\"color: #d93886\">La mutaci\u00f3n del c\u00f3rtex al neoc\u00f3rtex cerebral<\/span><\/h3>\n<p>&nbsp;<\/p>\n<p><strong><span style=\"color: #0000ff\"><img loading=\"lazy\" decoding=\"async\" class=\"aligncenter wp-image-4561\" src=\"https:\/\/www.mangelsmestre.com\/main\/wp-content\/uploads\/sites\/4\/2023\/03\/Sinapsis.png\" alt=\"\" width=\"467\" height=\"347\" srcset=\"https:\/\/www.mangelsmestre.com\/main\/wp-content\/uploads\/sites\/4\/2023\/03\/Sinapsis.png 427w, https:\/\/www.mangelsmestre.com\/main\/wp-content\/uploads\/sites\/4\/2023\/03\/Sinapsis-300x223.png 300w\" sizes=\"auto, (max-width: 467px) 100vw, 467px\" \/>En el c\u00f3rtex viejo cerebral ten\u00edamos 100.000 millones de neuronas que se intercambiaban entre s\u00ed mediante las dendritas. Ahora, cuando las dendritas se estiran y tocan con las otras dendritas de las otras neuronas, forman un nuevo campo de sinap. <\/span><\/strong><\/p>\n<p><strong><span style=\"color: #0000ff\">Si nosotros practicamos el entrenamiento de la uni\u00f3n de estas dendritas se generan <span style=\"text-decoration: underline\">nuevas neuronas<\/span>. Esta generaci\u00f3n o reconfiguraci\u00f3n es eterna e infinita, no interviene ni la edad biol\u00f3gica, ni la herencia del ADN, nada, porque funciona ella sola, aut\u00f3noma, aut\u00e1rtica (tiene control sobre ella misma) e inviolable, y se repite por el dise\u00f1o de Nevad\u00f3n. Esta es ahora la forma que act\u00faa cuando las dendritas se juntan para generar nuevos campos donde germinan la nueva producci\u00f3n de neuronas. <\/span><\/strong><\/p>\n<h3><span style=\"color: #d93886\">\u00bfQu\u00e9 se produce cuando ampliamos el campo de neuronas?<\/span><\/h3>\n<p><strong><span style=\"color: #0000ff\">A trav\u00e9s de nuestra programaci\u00f3n de nuestro comando generamos datos que se instalan en esta memoria. Todo ello se llama sinapsis y el programa, la memoria,&#8230; queda almacenada en el banco de datos, en un campo el\u00e9ctrico generado por las neuronas cuando se unen. <\/span><\/strong><\/p>\n<p><strong><span style=\"color: #0000ff\">La forma en que funciona el cerebro es la sinapsis y, a nivel estructural, almacenando datos. <\/span><\/strong><\/p>\n<p><strong><span style=\"color: #0000ff\">La mente est\u00e1 acoplada a la biolog\u00eda y es igual a un sistema operativo como, por ejemplo, Android. Tenemos inform\u00e1tica biol\u00f3gica. <\/span><\/strong><\/p>\n<p><strong><span style=\"color: #0000ff\">La forma en que funciona el cerebro es la sinapsis, que es la conexi\u00f3n el\u00e9ctrica de las neuronas entre s\u00ed, intercambiando e instalando informaci\u00f3n en un formato de \u00abbanco de datos\u00bb. <\/span><\/strong><\/p>\n<p><strong><span style=\"color: #d93886\">Somos co-creadores de nuestra realidad existencial<\/span><\/strong><\/p>\n<p><strong><span style=\"color: #0000ff\">Pensamos, programamos e instalamos esta informaci\u00f3n en positivo, somos seres arm\u00f3nicos positivos como raza humana. Por esto ahora vamos a contar con el neoc\u00f3rtex, que act\u00faa con m\u00e1s cantidad de neuronas en nuestra corona y en la frente como hemos visto en la imagen de las manchas negras. <\/span><\/strong><\/p>\n<p><strong><span style=\"color: #0000ff\">Pero no se trata de acomodar los programas viejos a los nuevos. Se trata de instalar <span style=\"text-decoration: underline\">programas nuevos<\/span> en el nec\u00f3rtex. <\/span><\/strong><\/p>\n<p><strong><span style=\"color: #0000ff\">Vemos que la neuroplasticidad o bioneuroplasticidad es la herramienta para hacer que nuestro cerebro funcione de manera eterna e infinita, aunque tengas Alzheimer, porque un anciano puede empezar a vivir con un cerebro nuevo y un programa nuevo. <\/span><\/strong><\/p>\n<h3><span style=\"color: #d93886\">La neuroplasticidad est\u00e1 hecha por dise\u00f1o para nosotros<\/span><\/h3>\n<p><strong><span style=\"color: #0000ff\">La neuroplasticidad nos permite hacer cambios, crear otras redes de conexi\u00f3n nuevas, otras rutas por donde correr\u00e1 la informaci\u00f3n nueva, cambiar nuestra forma pensamiento, saber cu\u00e1l es la informaci\u00f3n positiva como: la Llama Trina, el Amor Incondicional, la Conexi\u00f3n con nuestro Yo Superior, la empat\u00eda con la Naturaleza,&#8230; porque no estamos aqu\u00ed para depredar los otros reinos, sea el animal, vegetal o mineral. <\/span><\/strong><\/p>\n<p><strong><span style=\"color: #0000ff\">La pr\u00e1ctica depende de nuestra voluntad y del entrenamiento mental, que es el facilitador para que el campo neural pueda mutar, pueda cambiar en forma positiva la vida de cada humano. El neoc\u00f3rtex es el hardware nuevo como regalo para la humanidad. <\/span><\/strong><\/p>\n<h3><span style=\"color: #d93886\">\u00bfC\u00f3mo se consigue la neuroplasticidad?<\/span><\/h3>\n<p>&nbsp;<\/p>\n<p><strong><span style=\"color: #0000ff\"><img loading=\"lazy\" decoding=\"async\" class=\"aligncenter size-full wp-image-4556\" src=\"https:\/\/www.mangelsmestre.com\/main\/wp-content\/uploads\/sites\/4\/2023\/02\/Sinapsis_02.jpg\" alt=\"\" width=\"700\" height=\"466\" srcset=\"https:\/\/www.mangelsmestre.com\/main\/wp-content\/uploads\/sites\/4\/2023\/02\/Sinapsis_02.jpg 700w, https:\/\/www.mangelsmestre.com\/main\/wp-content\/uploads\/sites\/4\/2023\/02\/Sinapsis_02-300x200.jpg 300w\" sizes=\"auto, (max-width: 700px) 100vw, 700px\" \/>El pensamiento nuevo y positivo hace que las dendritas de las neuronas hagan el estiramiento y, por magnetizaci\u00f3n de la dendrita, atrae a otra cercana. <\/span><\/strong><\/p>\n<p><strong><span style=\"color: #0000ff\">Si no se mantiene el entrenamiento de nuevo, se va hacia atr\u00e1s y se separa. <\/span><\/strong><\/p>\n<p><strong><span style=\"color: #0000ff\">Cuando no hay mucha voluntad, hay distintas estrategias como las \u00abpruebas de ingenio\u00bb, que hace que las dendritas, de nuevo, se unan. Detectemos las excusas, pongamos papelitos pegados en nuestra casa para recordar lo que nos conviene.<\/span><\/strong><\/p>\n<p><img loading=\"lazy\" decoding=\"async\" class=\"aligncenter size-full wp-image-4554\" src=\"https:\/\/www.mangelsmestre.com\/main\/wp-content\/uploads\/sites\/4\/2023\/02\/Sinapsis.jpg\" alt=\"\" width=\"1024\" height=\"576\" srcset=\"https:\/\/www.mangelsmestre.com\/main\/wp-content\/uploads\/sites\/4\/2023\/02\/Sinapsis.jpg 1024w, https:\/\/www.mangelsmestre.com\/main\/wp-content\/uploads\/sites\/4\/2023\/02\/Sinapsis-300x169.jpg 300w, https:\/\/www.mangelsmestre.com\/main\/wp-content\/uploads\/sites\/4\/2023\/02\/Sinapsis-768x432.jpg 768w\" sizes=\"auto, (max-width: 1024px) 100vw, 1024px\" \/><\/p>\n<h4><strong><span style=\"color: #d93886\">2.- \u00bfC\u00f3mo pasamos de Mente a Conciencia?<br \/>\n<\/span><\/strong><\/h4>\n<p><strong><span style=\"color: #0000ff\">Trabajando con el neoc\u00f3rtex cerebral lo tenemos muy f\u00e1cil, porque no solamente se trata de las neuronas sino de todo el contenido de hormonas, sustancias, gl\u00e1ndulas, interconexiones nerviosas,&#8230; Por esto padecemos, en estos momentos de cambio, de frecuentes dolores de cabeza. <\/span><\/strong><\/p>\n<p><strong><span style=\"color: #0000ff\">No pensemos que tenemos que corregir todo lo negativo de la mente como forma pensamiento, porque no vamos a reprogramar lo negativo transform\u00e1ndolo en positivo. <\/span><\/strong><\/p>\n<p><strong><span style=\"color: #0000ff\">La neuroplasticidad es el programa que nos pusieron en el ADN para generar campos nuevos cerebrales con m\u00e1s masa cerebral y as\u00ed, partiendo de cero, empezar a instalar programas nuevos de 5D. <\/span><\/strong><\/p>\n<h3><strong><span style=\"color: #d93886\">\u00bfC\u00f3mo funciona el paso Mente a Conciencia? <\/span><\/strong><\/h3>\n<p><strong><span style=\"color: #0000ff\">Con el entrenamiento generamos zonas nuevas en el neoc\u00f3rtex cerebral y en ellas instalamos los programas Cr\u00edsticos de 5D de Luz que vienen para el humano. En estos programas Cr\u00edsticos nuevos es donde nosotros tenemos el modo Conciencia que se instala desde la <span style=\"text-decoration: underline\">programaci\u00f3n cero y nueva<\/span> dentro de la <span style=\"text-decoration: underline\">zona nueva<\/span>. <\/span><\/strong><\/p>\n<p>&nbsp;<\/p>\n<p><strong><span style=\"color: #0000ff\">Hay adem\u00e1s otra ayuda que nos facilita el trabajo dentro del funcionamiento de la neuroplasticidad, que consiste en que mientras genera lo nuevo positivo, tambi\u00e9n apaga o borra la zona del neoc\u00f3rtex cerebral vieja y negativa. <\/span><\/strong><\/p>\n<p><strong><span style=\"color: #0000ff\">Esto es simult\u00e1neo, crea y elimina la parte k\u00e1rmica de patrones negativos o bien las emociones que hemos tenido seg\u00fan las dificultades de la vida. <\/span><\/strong><\/p>\n<p><strong><span style=\"color: #d93886\">2 consecuencias del paso de Mente a Conciencia<\/span><\/strong><\/p>\n<p><strong><span style=\"color: #0000ff\">A.- La gran regeneraci\u00f3n celular f\u00edsica y el cambio hacia la integraci\u00f3n. <\/span><\/strong><\/p>\n<p><strong><span style=\"color: #0000ff\">B.- Pasamos de las emociones negativas a tener sentimientos con empat\u00eda. Desarrollamos el Amor Incondicional. <\/span><\/strong><\/p>\n<h4><span style=\"color: #d93886\">A.- Regeneraci\u00f3n Celular<\/span><\/h4>\n<p><strong><span style=\"color: #0000ff\">El silicio es un superconductor, los que tengan carbono ya no van a mutar. <\/span><\/strong><\/p>\n<p><strong><span style=\"color: #0000ff\">A medida que empezamos a usar el neoc\u00f3rtex cerebral, empezar\u00e1 la regeneraci\u00f3n celular, los cambios en el cuerpo biol\u00f3gico son lentos. Necesitamos temple, pueden pasar 10 a\u00f1os. Mat\u00edas de Stefano est\u00e1 desarrollando c\u00f3mo ser\u00e1n los cambios en todos los sistemas org\u00e1nicos del cuerpo humano. <\/span><\/strong><\/p>\n<p><strong><span style=\"color: #0000ff\">Aunque actualmente tengamos enfermedades, todo est\u00e1 estudiado para que vayamos regener\u00e1ndonos, ya que contamos con un dise\u00f1o perfecto y exquisito dentro de una m\u00e1quina perfecta y exquisita. <\/span><\/strong><\/p>\n<p><strong><span style=\"color: #0000ff\">Cuidemos el cuerpo porque es nuestro templo. <\/span><\/strong><\/p>\n<h3><span style=\"color: #d93886\">Diferencia entre Mente y Conciencia<\/span><\/h3>\n<p><strong><span style=\"color: #0000ff\">La Mente racional y anal\u00edtica solo tiene el programa de los 2 extremos, o s\u00ed o no. La Mente Conciencial es la integraci\u00f3n de toda la informaci\u00f3n, la que est\u00e1 dentro del planeta y la que est\u00e1 fuera en el Universo. Seremos gal\u00e1cticos con toda la informaci\u00f3n del Universo, pero permaneciendo en la Tierra como hasta ahora. <\/span><\/strong><\/p>\n<p><strong><span style=\"color: #0000ff\">Necesitamos empezar a usar el programa Conciencia que abarca la totalidad de la informaci\u00f3n y la integra, que es lo opuesto a la 3D, como cuando decimos \u00abesto no me gusta\u00bb y \u00aba este lo mato porque viene de fuera\u00bb, como por ejemplo un extraterrestre. <\/span><\/strong><\/p>\n<h4><span style=\"color: #d93886\">B.- Paso de las emociones negativas a los sentimientos con empat\u00eda. Desarrollo del Amor Incondicional<\/span><\/h4>\n<p><strong><span style=\"color: #0000ff\">Se produce el cambio en el cuerpo causal de las emociones cuando usamos el neoc\u00f3rtex cerebral. Se eliminan las emociones negativas y aparece el siguiente nivel superior de los <span style=\"text-decoration: underline\">sentimientos<\/span> con el resto de la vida en el planeta. En autom\u00e1tico aparece el Amor Incondicional. <\/span><\/strong><\/p>\n<p><strong><span style=\"color: #0000ff\">N<\/span><\/strong><strong><span style=\"color: #0000ff\">o solamente hay que apartarse de la televisi\u00f3n y los medios que nos bombardean con frecuencias negativas, sino tambi\u00e9n de los humanos t\u00f3xicos, no importa si son el padre, la madre, el hijo,&#8230; porque nos afecta quedarnos pegados a ellos, baj\u00e1ndonos la frecuencia, la energ\u00eda y te contaminan tu forma pensamiento del neoc\u00f3rtex cerebral. No quiere decir no relacionarse, sino cortar las conversaciones de seg\u00fan que tema negativo, corrigiendo todas las conductas. <\/span><\/strong><\/p>\n<p><strong><span style=\"color: #0000ff\">En este momento planetario se har\u00e1 una polarizaci\u00f3n por campos de frecuencia vibratorio del humano de la Tierra. Los que vibran bajo y negativo, a un lado, y los que vibran alto y positivo en 5D, se reunir\u00e1n como poblaci\u00f3n humana. <\/span><\/strong><\/p>\n<p><strong><span style=\"color: #0000ff\">Estos cambios A y B nos permiten:<\/span><\/strong><\/p>\n<ul>\n<li><strong><span style=\"color: #0000ff\">Modelar nuevas conductas a nuestra voluntad, nos hace humanos responsables, conscientes e inteligentes para no permitir que alguien desde fuera nos diga lo que tenemos que hacer y nos inserte programas negativos. Lo que no es \u00fatil para nosotros no va a estar m\u00e1s en nuestra vida. <\/span><\/strong><\/li>\n<li><strong><span style=\"color: #0000ff\">Usar el PLP (Potencial a Largo Plazo), que a medida que creemos o instalemos un programa nuevo positivo, ya lo tome como software y como \u00fanico programa, \u00fanica opci\u00f3n. As\u00ed no caemos en tomar de la programaci\u00f3n negativa.<br \/>\n<\/span><\/strong><strong><span style=\"color: #0000ff\">A largo plazo nos garantiza que el humano nunca m\u00e1s se va a negativizar como raza o colectivo humano porque siempre estaremos conectados al Universo. Hay tambi\u00e9n otros factores que lo posibilitan y son: conectando nuestra Llama Trina a nuestro coraz\u00f3n amoroso y a nuestro Yo Superior, a nuestro cuerpo Cr\u00edstica y, de all\u00ed, directo a la Fuente y a a la Familia Universal. <\/span><\/strong><\/li>\n<\/ul>\n<p><strong><span style=\"color: #0000ff\">PLP genera un replicador de programas nuevos positivos, una red neuronal en nuestro neoc\u00f3rtex y para siempre. Se borrar\u00e1n los viejos programas negativos de rutina, bloqueos, estancamientos,&#8230; ya nunca m\u00e1s. <\/span><\/strong><\/p>\n<p><strong><span style=\"color: #0000ff\">La neuroplasticidad sin\u00e1ptica es la nueva forma de programaci\u00f3n, es el concepto clave para resetear nuestra forma mental de 3D a 5D. <\/span><\/strong><\/p>\n<p>&nbsp;<\/p>\n<p><em><span style=\"color: #0000ff\"><strong>La informaci\u00f3n de este post puede ampliarse a trav\u00e9s del siguiente v\u00eddeo de Andrea Barnab\u00e9:<\/strong><\/span><\/em><\/p>\n<p><iframe loading=\"lazy\" title=\"8- EL PODER DEL CEREBRO CU\u00c1NTICO con Andrea Barnab\u00e9\" width=\"780\" height=\"439\" src=\"https:\/\/www.youtube.com\/embed\/ytPZ-c-BSN4?start=2662&#038;feature=oembed\" frameborder=\"0\" allow=\"accelerometer; autoplay; clipboard-write; encrypted-media; gyroscope; picture-in-picture; web-share\" allowfullscreen><\/iframe><\/p>\n<p>&nbsp;<\/p>\n","protected":false},"excerpt":{"rendered":"<p>Desprogramaci\u00f3n Debemos desprogramar del c\u00f3rtex cerebral el programa mente-negativo de la 3D y adquirir el modo conciencia, que no es [&hellip;]<\/p>\n","protected":false},"author":2,"featured_media":4555,"comment_status":"open","ping_status":"open","sticky":false,"template":"","format":"standard","meta":{"footnotes":""},"categories":[1],"tags":[],"class_list":["post-4552","post","type-post","status-publish","format-standard","has-post-thumbnail","hentry","category-sin-categoria"],"_links":{"self":[{"href":"https:\/\/www.mangelsmestre.com\/main\/wp-json\/wp\/v2\/posts\/4552","targetHints":{"allow":["GET"]}}],"collection":[{"href":"https:\/\/www.mangelsmestre.com\/main\/wp-json\/wp\/v2\/posts"}],"about":[{"href":"https:\/\/www.mangelsmestre.com\/main\/wp-json\/wp\/v2\/types\/post"}],"author":[{"embeddable":true,"href":"https:\/\/www.mangelsmestre.com\/main\/wp-json\/wp\/v2\/users\/2"}],"replies":[{"embeddable":true,"href":"https:\/\/www.mangelsmestre.com\/main\/wp-json\/wp\/v2\/comments?post=4552"}],"version-history":[{"count":15,"href":"https:\/\/www.mangelsmestre.com\/main\/wp-json\/wp\/v2\/posts\/4552\/revisions"}],"predecessor-version":[{"id":4674,"href":"https:\/\/www.mangelsmestre.com\/main\/wp-json\/wp\/v2\/posts\/4552\/revisions\/4674"}],"wp:featuredmedia":[{"embeddable":true,"href":"https:\/\/www.mangelsmestre.com\/main\/wp-json\/wp\/v2\/media\/4555"}],"wp:attachment":[{"href":"https:\/\/www.mangelsmestre.com\/main\/wp-json\/wp\/v2\/media?parent=4552"}],"wp:term":[{"taxonomy":"category","embeddable":true,"href":"https:\/\/www.mangelsmestre.com\/main\/wp-json\/wp\/v2\/categories?post=4552"},{"taxonomy":"post_tag","embeddable":true,"href":"https:\/\/www.mangelsmestre.com\/main\/wp-json\/wp\/v2\/tags?post=4552"}],"curies":[{"name":"wp","href":"https:\/\/api.w.org\/{rel}","templated":true}]}}