{"id":4573,"date":"2023-03-21T18:48:35","date_gmt":"2023-03-21T17:48:35","guid":{"rendered":"https:\/\/www.mangelsmestre.com\/main\/?p=4573"},"modified":"2023-03-26T18:54:41","modified_gmt":"2023-03-26T16:54:41","slug":"los-hemisferios-cerebrales","status":"publish","type":"post","link":"https:\/\/www.mangelsmestre.com\/main\/los-hemisferios-cerebrales\/","title":{"rendered":"Los Hemisferios Cerebrales"},"content":{"rendered":"<h3><img loading=\"lazy\" decoding=\"async\" class=\"aligncenter size-full wp-image-4579\" src=\"https:\/\/www.mangelsmestre.com\/main\/wp-content\/uploads\/sites\/4\/2023\/03\/Cerebro-hemisferios.jpg\" alt=\"\" width=\"1600\" height=\"688\" srcset=\"https:\/\/www.mangelsmestre.com\/main\/wp-content\/uploads\/sites\/4\/2023\/03\/Cerebro-hemisferios.jpg 1600w, https:\/\/www.mangelsmestre.com\/main\/wp-content\/uploads\/sites\/4\/2023\/03\/Cerebro-hemisferios-300x129.jpg 300w, https:\/\/www.mangelsmestre.com\/main\/wp-content\/uploads\/sites\/4\/2023\/03\/Cerebro-hemisferios-1024x440.jpg 1024w, https:\/\/www.mangelsmestre.com\/main\/wp-content\/uploads\/sites\/4\/2023\/03\/Cerebro-hemisferios-768x330.jpg 768w, https:\/\/www.mangelsmestre.com\/main\/wp-content\/uploads\/sites\/4\/2023\/03\/Cerebro-hemisferios-1536x660.jpg 1536w\" sizes=\"auto, (max-width: 1600px) 100vw, 1600px\" \/><span style=\"color: #db2184\">Uni\u00f3n de los 2 hemisferios cerebrales<\/span><\/h3>\n<p><strong><span style=\"color: #0000ff\">Integrar los 2 hemisferios cerebrales con sus 2 polaridades es el factor que contribuir\u00e1 a logros y creaciones. <\/span><\/strong><\/p>\n<p><strong><span style=\"color: #0000ff\">Al utilizar las 2 capacidades se crea una unidad y armon\u00eda hol\u00edstica. Hasta ahora cada una de ellas contemplaba y filtraba la realidad de manera \u00fanica y, al unir las 2 realidades, se lograr\u00e1 la perfecci\u00f3n completa de la realidad. <\/span><\/strong><\/p>\n<p><strong><span style=\"color: #0000ff\">Ahora todo el cerebro est\u00e1 siendo transformado, las neuronas dormidas han despertado y la conexi\u00f3n entre hemisferios est\u00e1 cambiando. Es un nuevo remodelado interno que transformar\u00e1 muchos de los l\u00edmites y creencias que hemos asumido como verdad durante milenios. Y a esto le sumamos el apoyo de las radiaciones solares adem\u00e1s de la evoluci\u00f3n de la mente hacia la conciencia. <\/span><\/strong><\/p>\n<p><strong><span style=\"color: #0000ff\">Algunos ya habremos pasado antes por este proceso de Ascensi\u00f3n, pero nunca antes con el cuerpo f\u00edsico y sin morir. Es un camino individual, de ruptura con lo conocido. <\/span><\/strong><\/p>\n<p><strong><span style=\"color: #0000ff\">La conexi\u00f3n entre los 2 hemisferios est\u00e1 cambiando nuestras vidas. Este es nuestro desaf\u00edo. <\/span><\/strong><\/p>\n<p><strong><span style=\"color: #0000ff\">Recuerda que tienes un potencial sin explorar dentro de tu cerebro, que es conocido como \u00absentidos sensoriales sutiles\u00bb, que se mantienen dentro de las \u00e1reas de tu cerebro que nunca has utilizado en esta vida. Toda la configuraci\u00f3n de tus ondas cerebrales se transmuta en una configuraci\u00f3n energ\u00e9tica superior que nos brindar\u00e1 un nuevo acceso a la puerta de nuestros sentidos sagrados. \u00abEres t\u00fa mismo renaciendo a ti mismo. <\/span><\/strong><\/p>\n<p><strong><span style=\"color: #0000ff\">Recomiendo la pel\u00edcula de Ren\u00e9 Mey \u00abM\u00e1s all\u00e1 de la Luz\u00bb. En ella Ren\u00e9 Mey nos habla de la importancia de la conexi\u00f3n de los hemisferios cerebrales y nos dice: <\/span><\/strong><\/p>\n<p><strong><span style=\"color: #0000ff\">La paz y el amor son una cuesti\u00f3n de los dos hemisferios cerebrales. El amor es la \u00fanica herramienta que \u00e9l tiene para curar. El amor est\u00e1 relacionado con los otros. Lo que hacemos tiene que tener en cuenta a los dem\u00e1s. El amor cuida todos los detalles. Por ejemplo, que la mujer no lleve el peso de la compra. <\/span><\/strong><\/p>\n<p><strong><span style=\"color: #0000ff\">Si queremos utilizar los 2 hemisferios cerebrales, debemos aceptar a los otros como son. No importa su color ni c\u00f3mo son, ni importa que te quieran o no te quieran. No juzgues a nadie y aprende a compartir, porque esto te permite vivir en paz y con alegr\u00eda permanente. <\/span><\/strong><\/p>\n<p><strong><span style=\"color: #0000ff\">Cuando tenemos los 2 hemisferios en marcha, tenemos otras capacidades, como sanar. Esto representa que vas a poder hacer algo que va m\u00e1s all\u00e1, m\u00e1s que otras personas. Es un trabajo de varios a\u00f1os. <\/span><\/strong><\/p>\n<p><strong><span style=\"color: #0000ff\">El cerebro humano, con los 2 hemisferios cerebrales unidos, tiene inteligencia emocional, que le lleva a aprender a amar a los otros tal como son. Esto es dar valor y agradecimiento a la vida. <\/span><\/strong><\/p>\n<p><strong><span style=\"color: #0000ff\">\u00a1\u00a1Qu\u00e9 tu vida sea un ejemplo!! Es lo m\u00e1s importante, que tu vida sirva a los dem\u00e1s. <span style=\"text-decoration: underline\">Mira tu meta y toma tu decisi\u00f3n mirando a la meta<\/span> y preg\u00fantate, \u00bfqu\u00e9 puedo hacer m\u00e1s? <\/span><\/strong><\/p>\n<p><strong><span style=\"color: #0000ff\">Ren\u00e9 Mey practica la medicina emocional, que con ciertas atenciones, se reduce autom\u00e1ticamente la necesidad de medicaci\u00f3n y hay m\u00e1s rapidez en la cicatrizaci\u00f3n y en las recuperaciones de los enfermos.<br \/>\n<\/span><\/strong><\/p>\n<p><iframe loading=\"lazy\" title=\"M\u00e1s all\u00e1 de la luz pel\u00edcula completa en espa\u00f1ol\" width=\"780\" height=\"439\" src=\"https:\/\/www.youtube.com\/embed\/OkHN8E30Gq8?feature=oembed\" frameborder=\"0\" allow=\"accelerometer; autoplay; clipboard-write; encrypted-media; gyroscope; picture-in-picture; web-share\" allowfullscreen><\/iframe><\/p>\n<h3><span style=\"color: #db2184\">El nuevo el sistema operativo toroidal<\/span><\/h3>\n<p>&nbsp;<\/p>\n<p><img loading=\"lazy\" decoding=\"async\" class=\"aligncenter size-full wp-image-4590\" src=\"https:\/\/www.mangelsmestre.com\/main\/wp-content\/uploads\/sites\/4\/2023\/03\/Toroide-pequeno.jpg\" alt=\"\" width=\"640\" height=\"480\" srcset=\"https:\/\/www.mangelsmestre.com\/main\/wp-content\/uploads\/sites\/4\/2023\/03\/Toroide-pequeno.jpg 640w, https:\/\/www.mangelsmestre.com\/main\/wp-content\/uploads\/sites\/4\/2023\/03\/Toroide-pequeno-300x225.jpg 300w\" sizes=\"auto, (max-width: 640px) 100vw, 640px\" \/><\/p>\n<p><span style=\"color: #0000ff\"><strong>El toroide del MerKaBa es la forma fundamental de un equilibrado flujo de energ\u00eda, presente en todos los sistemas sostenibles en todas las escalas. <\/strong><\/span><\/p>\n<p><span style=\"color: #0000ff\"><strong>Los campos magn\u00e9ticos de alrededor de los planetas, de las estrellas y de todas las galaxias, todos son en s\u00ed mismos sistemas de energ\u00eda toroidales. Cada \u00e1tomo de tu cuerpo es un mini toroide y una caracter\u00edstica clave del toroide se encuentra en su mismo centro. Este punto cero es el de m\u00e1ximo equilibrio, quietud y estado de vac\u00edo. <\/strong><\/span><\/p>\n<p><span style=\"color: #0000ff\"><strong>Este sistema conforma el \u00absaldo del punto cero\u00bb. <\/strong><\/span><\/p>\n<p><span style=\"color: #0000ff\"><strong>El Universo opera con el impulso de giro circular del toroide, desbloqueando al poder de la infinita fuerza vital. <\/strong><\/span><\/p>\n<p><span style=\"color: #0000ff\"><strong>Hemos llegado al punto de no retorno en nuestra evoluci\u00f3n y necesitamos cambiar hacia el sistema operativo de la circulaci\u00f3n toroidal de la Energ\u00eda Renovable del Universo. <\/strong><\/span><\/p>\n<p><span style=\"color: #0000ff\"><strong>El sistema operativo de la Nueva Tierra est\u00e1 impulsado por un toroide circular, que es un Todo equilibrado de coherencia. Este nuevo sistema operativo circular de la circulaci\u00f3n toroidal de la fuerza vital infinita, es nuestro Derecho de Nacimiento y, en este ahora, ya est\u00e1 disponible. <em>Meg<\/em><em> Benedicte -Consejo Arcturiano de la 9D-<\/em><br \/>\n<\/strong><\/span><\/p>\n<p><strong><img loading=\"lazy\" decoding=\"async\" class=\"aligncenter wp-image-4574\" src=\"https:\/\/www.mangelsmestre.com\/main\/wp-content\/uploads\/sites\/4\/2023\/03\/Toroide-chafado.jpg\" alt=\"\" width=\"811\" height=\"600\" srcset=\"https:\/\/www.mangelsmestre.com\/main\/wp-content\/uploads\/sites\/4\/2023\/03\/Toroide-chafado.jpg 980w, https:\/\/www.mangelsmestre.com\/main\/wp-content\/uploads\/sites\/4\/2023\/03\/Toroide-chafado-300x222.jpg 300w, https:\/\/www.mangelsmestre.com\/main\/wp-content\/uploads\/sites\/4\/2023\/03\/Toroide-chafado-768x568.jpg 768w\" sizes=\"auto, (max-width: 811px) 100vw, 811px\" \/><\/strong><\/p>\n<h3><span style=\"color: #db2184\">Proceso de la integraci\u00f3n de los 2 hemisferios cerebrales<\/span><\/h3>\n<p>&nbsp;<\/p>\n<p><strong><span style=\"color: #0000ff\"><img loading=\"lazy\" decoding=\"async\" class=\"aligncenter wp-image-4577\" src=\"https:\/\/www.mangelsmestre.com\/main\/wp-content\/uploads\/sites\/4\/2023\/03\/Especializacion-hemisferios-cerebrales.jpg\" alt=\"\" width=\"869\" height=\"796\" srcset=\"https:\/\/www.mangelsmestre.com\/main\/wp-content\/uploads\/sites\/4\/2023\/03\/Especializacion-hemisferios-cerebrales.jpg 960w, https:\/\/www.mangelsmestre.com\/main\/wp-content\/uploads\/sites\/4\/2023\/03\/Especializacion-hemisferios-cerebrales-300x275.jpg 300w, https:\/\/www.mangelsmestre.com\/main\/wp-content\/uploads\/sites\/4\/2023\/03\/Especializacion-hemisferios-cerebrales-768x703.jpg 768w\" sizes=\"auto, (max-width: 869px) 100vw, 869px\" \/>Cada hemisferio tiene su toroide que gira en distinta direcci\u00f3n al otro, uno es rotatorio y el otro contrarotatorio. <\/span><\/strong><\/p>\n<p><strong><span style=\"color: #0000ff\">Cuando se fusionan sus toroides en 1 solo, activan un MerKaBa y este MerKaBa es un portal dimensional que abre todo nuestro campo cognitivo conciencial y lo conecta con el resto del universo. <em>Andrea Barnab\u00e9<\/em><\/span><\/strong><\/p>\n<h3><span style=\"color: #db2184\">\u00bfC\u00f3mo es el cerebro humano despu\u00e9s de los 60 a\u00f1os?<\/span><\/h3>\n<p><span style=\"color: #0000ff\"><strong>El director de la Facultad de Medicina de la Universidad George Washington dice que el cerebro de una persona mayor es mucho m\u00e1s pl\u00e1stico de lo que se piensa. A continuaci\u00f3n te explico en qu\u00e9 consiste este estudio. <\/strong><\/span><\/p>\n<p><span style=\"color: #0000ff\"><strong>\u00c9l dice que el cerebro de una persona mayor es mucho m\u00e1s pl\u00e1stico de lo que se piensa. A los 60, el hemisferio derecho y el izquierdo tienen una integraci\u00f3n m\u00e1s armoniosa, y es esto lo que realmente ampl\u00eda la creatividad. No es tan r\u00e1pido como en la juventud, pero gana a los cerebros de los j\u00f3venes en flexibilidad. <\/strong><\/span><\/p>\n<p><span style=\"color: #0000ff\"><strong>De este modo, con la edad, tomamos decisiones correctas y tenemos menos emociones negativas. Por eso, a los 70 a\u00f1os, nuestro cerebro funciona con toda su fuerza. <\/strong><\/span><\/p>\n<p><span style=\"color: #0000ff\"><strong>La cantidad de mielina aumenta un 300%, facilitando as\u00ed el paso r\u00e1pido de las se\u00f1ales entre las neuronas. Despu\u00e9s de los 60, la persona puede usar los dos hemisferios al mismo tiempo, y eso permite que resuelva problemas muchos m\u00e1s complejos. <\/strong><\/span><\/p>\n<p><span style=\"color: #0000ff\"><strong>El cerebro del hombre de edad elige el camino que gasta menos energ\u00eda, saca lo innecesario y va directo a las opciones adecuadas para resolver el problema (profesor Mochi Uri, Universidad de Montreal). <\/strong><\/span><\/p>\n<p><span style=\"color: #0000ff\"><strong>Caracter\u00edsticas del cerebro entre los 60 y los 80 a\u00f1os: <\/strong><\/span><\/p>\n<p><span style=\"color: #0000ff\"><strong>1) Las neuronas no mueren, las conexiones solo desaparecen si no se practica el trabajo mental.\u00a0<\/strong><\/span><\/p>\n<p><span style=\"color: #0000ff\"><strong> 2) La distracci\u00f3n y el olvido aparecen por la inmensa cantidad de informaci\u00f3n. <\/strong><\/span><\/p>\n<p><span style=\"color: #0000ff\"><strong>3) De los 60 en adelante, la persona no usa un hemisferio, sino ambos.\u00a0 <\/strong><\/span><\/p>\n<p><span style=\"color: #0000ff\"><strong>Lleva un estilo de vida saludable: mu\u00e9vete, baila, haz ejercicio, usa tu mente a lo m\u00e1ximo, ten plena actividad mental y ver\u00e1s que las habilidades intelectuales no se van con la edad, sino que crecen y tienen su etapa m\u00e1xima a las 80-90 a\u00f1os. <\/strong><\/span><\/p>\n<p><span style=\"color: #0000ff\"><strong>As\u00ed que, no temas envejecer. Desarr\u00f3llate intelectualmente, aprende idiomas, manualidades, m\u00fasica, viaja lo m\u00e1s que puedas, comun\u00edcate con tus amigos y haz planes para el futuro. Lo mejor de la vida est\u00e1 a la vuelta de una esquina. Toda edad tiene su encanto.<\/strong><\/span><\/p>\n<p><span style=\"color: #db2184\"><a style=\"color: #db2184\" href=\"https:\/\/www.tampabay.com\/centro\/2022\/08\/29\/como-es-el-cerebro-humano-despues-de-los-60-anos\/\" target=\"_blank\" rel=\"noopener\"><strong><em>Tampa Bay Times <\/em><\/strong><\/a><\/span><\/p>\n<h3><span style=\"color: #db2184\">Beneficios de la integraci\u00f3n de los hemisferios cerebrales<\/span><\/h3>\n<p><span style=\"color: #0000ff\"><strong>Con la integraci\u00f3n de los 2 hemisferios se produce la uni\u00f3n de los opuestos, aumento de la creatividad, equilibrio, flexibilidad, conocimiento de la realidad, unidad y la armon\u00eda.<\/strong><\/span><\/p>\n","protected":false},"excerpt":{"rendered":"<p>Uni\u00f3n de los 2 hemisferios cerebrales Integrar los 2 hemisferios cerebrales con sus 2 polaridades es el factor que contribuir\u00e1 [&hellip;]<\/p>\n","protected":false},"author":2,"featured_media":4579,"comment_status":"open","ping_status":"open","sticky":false,"template":"","format":"standard","meta":{"footnotes":""},"categories":[1],"tags":[],"class_list":["post-4573","post","type-post","status-publish","format-standard","has-post-thumbnail","hentry","category-sin-categoria"],"_links":{"self":[{"href":"https:\/\/www.mangelsmestre.com\/main\/wp-json\/wp\/v2\/posts\/4573","targetHints":{"allow":["GET"]}}],"collection":[{"href":"https:\/\/www.mangelsmestre.com\/main\/wp-json\/wp\/v2\/posts"}],"about":[{"href":"https:\/\/www.mangelsmestre.com\/main\/wp-json\/wp\/v2\/types\/post"}],"author":[{"embeddable":true,"href":"https:\/\/www.mangelsmestre.com\/main\/wp-json\/wp\/v2\/users\/2"}],"replies":[{"embeddable":true,"href":"https:\/\/www.mangelsmestre.com\/main\/wp-json\/wp\/v2\/comments?post=4573"}],"version-history":[{"count":16,"href":"https:\/\/www.mangelsmestre.com\/main\/wp-json\/wp\/v2\/posts\/4573\/revisions"}],"predecessor-version":[{"id":4606,"href":"https:\/\/www.mangelsmestre.com\/main\/wp-json\/wp\/v2\/posts\/4573\/revisions\/4606"}],"wp:featuredmedia":[{"embeddable":true,"href":"https:\/\/www.mangelsmestre.com\/main\/wp-json\/wp\/v2\/media\/4579"}],"wp:attachment":[{"href":"https:\/\/www.mangelsmestre.com\/main\/wp-json\/wp\/v2\/media?parent=4573"}],"wp:term":[{"taxonomy":"category","embeddable":true,"href":"https:\/\/www.mangelsmestre.com\/main\/wp-json\/wp\/v2\/categories?post=4573"},{"taxonomy":"post_tag","embeddable":true,"href":"https:\/\/www.mangelsmestre.com\/main\/wp-json\/wp\/v2\/tags?post=4573"}],"curies":[{"name":"wp","href":"https:\/\/api.w.org\/{rel}","templated":true}]}}