{"id":4595,"date":"2023-04-08T19:38:04","date_gmt":"2023-04-08T17:38:04","guid":{"rendered":"https:\/\/www.mangelsmestre.com\/main\/?p=4595"},"modified":"2023-04-09T19:51:34","modified_gmt":"2023-04-09T17:51:34","slug":"glandula-pineal-activacion-4595-2","status":"publish","type":"post","link":"https:\/\/www.mangelsmestre.com\/main\/glandula-pineal-activacion-4595-2\/","title":{"rendered":"La Activaci\u00f3n Completa de la Gl\u00e1ndula Pineal"},"content":{"rendered":"<p><img loading=\"lazy\" decoding=\"async\" class=\"aligncenter size-full wp-image-4594\" src=\"https:\/\/www.mangelsmestre.com\/main\/wp-content\/uploads\/sites\/4\/2023\/03\/12_03_23_02.jpg\" alt=\"\" width=\"728\" height=\"546\" srcset=\"https:\/\/www.mangelsmestre.com\/main\/wp-content\/uploads\/sites\/4\/2023\/03\/12_03_23_02.jpg 728w, https:\/\/www.mangelsmestre.com\/main\/wp-content\/uploads\/sites\/4\/2023\/03\/12_03_23_02-300x225.jpg 300w\" sizes=\"auto, (max-width: 728px) 100vw, 728px\" \/><\/p>\n<h3><span style=\"color: #f01899\"><strong>Gl\u00e1ndula Pineal<\/strong><\/span><\/h3>\n<p><strong><span style=\"color: #0000ff\">La gl\u00e1ndula pineal se sit\u00faa en la base central del cerebro. Desde tiempos antiguos se ha asociado esta gl\u00e1ndula con la\u00a0 conexi\u00f3n del cuerpo y el alma; la materia y el esp\u00edritu. <\/span><\/strong><\/p>\n<p><strong><span style=\"color: #0000ff\">Galeno y Ren\u00e9 Descartes identificaron la gl\u00e1ndula pineal como el \u201casiento\u201d del alma, el lugar donde se forman todos\u00a0 nuestros pensamientos. <\/span><\/strong><\/p>\n<p><strong><span style=\"color: #0000ff\">La gl\u00e1ndula pineal deber\u00eda ser del mismo tama\u00f1o que el gl\u00f3bulo ocular, solo que m\u00e1s redonda. La gl\u00e1ndula pineal es\u00a0 literalmente y cient\u00edficamente un ojo. Es hueca, tiene receptores de color dentro y tiene una lente para recibir la luz. Esto es lo que muestra el trabajo de Jacob Liberman \u201cLuz, la medicina del futuro\u201d. \u00c9l es uno de los cient\u00edficos que m\u00e1s sabe\u00a0 sobre los ojos y la luz en el mundo. <\/span><\/strong><\/p>\n<p><strong><span style=\"color: #0000ff\">Nuestra gl\u00e1ndula pineal tiene el tama\u00f1o aproximado de un guisante. Sus c\u00e9lulas se asemejan a las c\u00e9lulas fotoreceptoras de la retina. En la antig\u00fcedad su tama\u00f1o era como el de una pelota de ping pong. Esta atrofia es debido a que no la hemos utilizado. Si la activamos, va a crecer al igual que un m\u00fasculo y se har\u00e1 m\u00e1s fuerte. Pero la cuesti\u00f3n es que la lente apunta hacia arriba, mira justo por el tubo pr\u00e1nico (entrada de la energ\u00eda Prana por la parte superior de la cabeza). Est\u00e1 dise\u00f1ada para recibir la luz desde arriba, mientras que los ojos est\u00e1n dise\u00f1ados para mirar a 90\u00ba hacia el frente. <\/span><\/strong><\/p>\n<p><strong><span style=\"color: #0000ff\">Seg\u00fan Liberman el recorrido de la luz una vez entra en los ojos, va a la gl\u00e1ndula pineal y se dirige hacia cada una de las\u00a0 c\u00e9lulas del cuerpo. O sea \u201ccada c\u00e9lula de tu cuerpo ve lo que est\u00e1s mirando\u201d. <\/span><\/strong><\/p>\n<h3><span style=\"color: #f01899\">Beneficios de la activaci\u00f3n de la gl\u00e1ndula pineal<\/span><\/h3>\n<p><strong><span style=\"color: #0000ff\">\u2022 Producci\u00f3n de la melatonina. Cuando hay oscuridad se segrega melatonina a partir de la serotonina, desencadenada por la ausencia de luz. La melatonina afecta a los patrones de vigilia\/sue\u00f1o y los ritmos circadianos. Se recomienda dormir en absoluta oscuridad. <\/span><\/strong><\/p>\n<p><strong><span style=\"color: #0000ff\">\u2022 Producci\u00f3n de un compuesto DMT (Dimetiltriptamina). Esta sustancia, segregada por la gl\u00e1ndula pineal de forma\u00a0 natural, es la responsable de la visualizaci\u00f3n en la meditaci\u00f3n y en los sue\u00f1os. <\/span><\/strong><\/p>\n<p><strong><span style=\"color: #0000ff\">\u2022 Lo que uno sabe se manifiesta: \u201cYo s\u00e9\u201d. El saber interior es absoluto = \u201cYo s\u00e9\u201d. Saber es la puerta que abre el reino de los cielos dentro del \u201cyo\u201d. T\u00fa sabes todo lo que deseas saber. Los pensamientos son ilimitados: <\/span><\/strong><\/p>\n<p style=\"padding-left: 40px\"><strong><span style=\"color: #0000ff\"><span id=\"page3R_mcid13\" class=\"markedContent\"><span dir=\"ltr\" role=\"presentation\">&#8211;<\/span> <span dir=\"ltr\" role=\"presentation\">Yo ahora s\u00e9. <\/span><\/span><\/span><\/strong><\/p>\n<p style=\"padding-left: 40px\"><strong><span style=\"color: #0000ff\"><span id=\"page3R_mcid13\" class=\"markedContent\"><span dir=\"ltr\" role=\"presentation\"><span id=\"page18R_mcid0\" class=\"markedContent\">&#8211; Yo soy absoluto, yo soy completo, yo soy una parte de Dios, yo soy, yo s\u00e9, yo s\u00e9 que soy feliz, yo s\u00e9 que yo soy,&#8230; <\/span><\/span><\/span><\/span><\/strong><\/p>\n<p style=\"padding-left: 40px\"><strong><span style=\"color: #0000ff\"><span id=\"page3R_mcid13\" class=\"markedContent\"><span dir=\"ltr\" role=\"presentation\"><span id=\"page18R_mcid0\" class=\"markedContent\"><span id=\"page18R_mcid1\" class=\"markedContent\">Si dices \u201cno lo s\u00e9\u201d \u201cno puedo\u201d, nunca lo har\u00e1s. <\/span><\/span><\/span><\/span><\/span><\/strong><\/p>\n<p><strong><span style=\"color: #0000ff\"><span id=\"page3R_mcid13\" class=\"markedContent\"><span dir=\"ltr\" role=\"presentation\"><span id=\"page18R_mcid0\" class=\"markedContent\"><span id=\"page18R_mcid1\" class=\"markedContent\"><span id=\"page18R_mcid2\" class=\"markedContent\">\u2022 La activaci\u00f3n de la gl\u00e1ndula pineal ayudar\u00e1 al tercer ojo o 6\u00ba chakra para actuar como una puerta estelar, que puede ver m\u00e1s all\u00e1 del espacio y del tiempo. Tambi\u00e9n incluye telepat\u00eda, la percepci\u00f3n m\u00e1s all\u00e1 del mundo tridimensional. <\/span><\/span><\/span><\/span><\/span><\/span><\/strong><\/p>\n<p><strong><span style=\"color: #0000ff\"><span id=\"page3R_mcid13\" class=\"markedContent\"><span dir=\"ltr\" role=\"presentation\"><span id=\"page18R_mcid0\" class=\"markedContent\"><span id=\"page18R_mcid1\" class=\"markedContent\"><span id=\"page18R_mcid2\" class=\"markedContent\">\u2022 Los rayos de luz conectan el cerebro con el coraz\u00f3n mediante la activaci\u00f3n de la gl\u00e1ndula pineal. <\/span><\/span><\/span><\/span><\/span><\/span><\/strong><\/p>\n<p><strong><span style=\"color: #0000ff\"><span id=\"page3R_mcid13\" class=\"markedContent\"><span dir=\"ltr\" role=\"presentation\"><span id=\"page18R_mcid0\" class=\"markedContent\"><span id=\"page18R_mcid1\" class=\"markedContent\"><span id=\"page18R_mcid2\" class=\"markedContent\">Hay <span style=\"text-decoration: underline\">3 cristales<\/span> en la gl\u00e1ndula pineal, que son: apatitie, calcita y magnetita, que crean una antena c\u00f3smica. <\/span><\/span><\/span><\/span><\/span><\/span><\/strong><\/p>\n<p><strong><span style=\"color: #0000ff\"><span id=\"page3R_mcid13\" class=\"markedContent\"><span dir=\"ltr\" role=\"presentation\"><span id=\"page18R_mcid0\" class=\"markedContent\"><span id=\"page18R_mcid1\" class=\"markedContent\"><span id=\"page18R_mcid2\" class=\"markedContent\">Concretamente, el <span style=\"text-decoration: underline\">fluoruro de sodio<\/span>, ya nombrado en el cap\u00edtulo 1, es el \u00fanico que puede atacar a nuestra gl\u00e1ndula pineal en el cerebro. El objetivo de este envenenamiento es \u201cconvertirnos en esclavos de las sociedades de poder y de las<br \/>\norganizaciones de las sombras\u201d. <\/span><\/span><\/span><\/span><\/span><\/span><\/strong><\/p>\n<p><strong><span style=\"color: #0000ff\"><span id=\"page3R_mcid13\" class=\"markedContent\"><span dir=\"ltr\" role=\"presentation\"><span id=\"page18R_mcid0\" class=\"markedContent\"><span id=\"page18R_mcid1\" class=\"markedContent\"><span id=\"page18R_mcid2\" class=\"markedContent\">El fl\u00faor calcifica enormemente la gl\u00e1ndula pineal, la convierte en piedra. <\/span><\/span><\/span><\/span><\/span><\/span><\/strong><\/p>\n<p><strong><span style=\"color: #0000ff\"><span id=\"page3R_mcid13\" class=\"markedContent\"><span dir=\"ltr\" role=\"presentation\"><span id=\"page18R_mcid0\" class=\"markedContent\"><span id=\"page18R_mcid1\" class=\"markedContent\"><span id=\"page18R_mcid2\" class=\"markedContent\">La gl\u00e1ndula pineal es llamada el tercer ojo, el ojo de Horus para los egipcios.<\/span><\/span><\/span><\/span><\/span><\/span><\/strong><\/p>\n<p><strong><span style=\"color: #0000ff\"><span id=\"page3R_mcid13\" class=\"markedContent\"><span dir=\"ltr\" role=\"presentation\"><span id=\"page18R_mcid0\" class=\"markedContent\"><span id=\"page18R_mcid1\" class=\"markedContent\"><span id=\"page18R_mcid2\" class=\"markedContent\">En nuestra sociedad, a partir de los 7 a\u00f1os se va degenerando la gl\u00e1ndula pineal. <\/span><\/span><\/span><\/span><\/span><\/span><\/strong><\/p>\n<p><strong><span style=\"color: #0000ff\"><span id=\"page3R_mcid13\" class=\"markedContent\"><span dir=\"ltr\" role=\"presentation\"><span id=\"page18R_mcid0\" class=\"markedContent\"><span id=\"page18R_mcid1\" class=\"markedContent\"><span id=\"page18R_mcid2\" class=\"markedContent\">La c<span style=\"text-decoration: underline\">alcificaci\u00f3n de la gl\u00e1ndula pineal<\/span> se relaciona con las siguientes <span style=\"text-decoration: underline\">enfermedades<\/span>: <\/span><\/span><\/span><\/span><\/span><\/span><\/strong><\/p>\n<p style=\"padding-left: 40px\"><strong><span style=\"color: #0000ff\"><span id=\"page3R_mcid13\" class=\"markedContent\"><span dir=\"ltr\" role=\"presentation\"><span id=\"page18R_mcid0\" class=\"markedContent\"><span id=\"page18R_mcid1\" class=\"markedContent\"><span id=\"page18R_mcid2\" class=\"markedContent\">\u2022 Alzheimer<\/span><\/span><\/span><\/span><\/span><\/span><\/strong><\/p>\n<p style=\"padding-left: 40px\"><strong><span style=\"color: #0000ff\"><span id=\"page3R_mcid13\" class=\"markedContent\"><span dir=\"ltr\" role=\"presentation\"><span id=\"page18R_mcid0\" class=\"markedContent\"><span id=\"page18R_mcid1\" class=\"markedContent\"><span id=\"page18R_mcid2\" class=\"markedContent\">\u2022 Trastorno bipolar<\/span><\/span><\/span><\/span><\/span><\/span><\/strong><\/p>\n<p style=\"padding-left: 40px\"><strong><span style=\"color: #0000ff\"><span id=\"page3R_mcid13\" class=\"markedContent\"><span dir=\"ltr\" role=\"presentation\"><span id=\"page18R_mcid0\" class=\"markedContent\"><span id=\"page18R_mcid1\" class=\"markedContent\"><span id=\"page18R_mcid2\" class=\"markedContent\">\u2022 Disregulaci\u00f3n circadiana<\/span><\/span><\/span><\/span><\/span><\/span><\/strong><\/p>\n<p style=\"padding-left: 40px\"><strong><span style=\"color: #0000ff\"><span id=\"page3R_mcid13\" class=\"markedContent\"><span dir=\"ltr\" role=\"presentation\"><span id=\"page18R_mcid0\" class=\"markedContent\"><span id=\"page18R_mcid1\" class=\"markedContent\"><span id=\"page18R_mcid2\" class=\"markedContent\">\u2022 Baja melatonina: insomnio, trastornos del sue\u00f1o<\/span><\/span><\/span><\/span><\/span><\/span><\/strong><\/p>\n<p style=\"padding-left: 40px\"><strong><span style=\"color: #0000ff\"><span id=\"page3R_mcid13\" class=\"markedContent\"><span dir=\"ltr\" role=\"presentation\"><span id=\"page18R_mcid0\" class=\"markedContent\"><span id=\"page18R_mcid1\" class=\"markedContent\"><span id=\"page18R_mcid2\" class=\"markedContent\">\u2022 Dolor lumbar<\/span><\/span><\/span><\/span><\/span><\/span><\/strong><\/p>\n<p style=\"padding-left: 40px\"><strong><span style=\"color: #0000ff\"><span id=\"page3R_mcid13\" class=\"markedContent\"><span dir=\"ltr\" role=\"presentation\"><span id=\"page18R_mcid0\" class=\"markedContent\"><span id=\"page18R_mcid1\" class=\"markedContent\"><span id=\"page18R_mcid2\" class=\"markedContent\">\u2022 Parkinson<\/span><\/span><\/span><\/span><\/span><\/span><\/strong><\/p>\n<p style=\"padding-left: 40px\"><strong><span style=\"color: #0000ff\"><span id=\"page3R_mcid13\" class=\"markedContent\"><span dir=\"ltr\" role=\"presentation\"><span id=\"page18R_mcid0\" class=\"markedContent\"><span id=\"page18R_mcid1\" class=\"markedContent\"><span id=\"page18R_mcid2\" class=\"markedContent\">\u2022 Esquizofrenia<br \/>\n<\/span><\/span><\/span><\/span><\/span><\/span><\/strong><\/p>\n<p><span style=\"color: #0000ff\"><strong><span id=\"page18R_mcid18\" class=\"markedContent\"><span dir=\"ltr\" role=\"presentation\">Para estimular la gl\u00e1ndula pineal y mantener su salud:<\/span><\/span><\/strong><\/span><\/p>\n<p><strong><span id=\"page18R_mcid19\" class=\"markedContent\" style=\"color: #0000ff\"><span dir=\"ltr\" role=\"presentation\">\u2022<\/span> <span dir=\"ltr\" role=\"presentation\">No televisi\u00f3n, hacer ejercicio, cuidar la alimentaci\u00f3n, contacto con la naturaleza, <\/span><span dir=\"ltr\" role=\"presentation\">\u00e1rboles y bosques. <\/span><\/span><\/strong><\/p>\n<p><strong><span id=\"page18R_mcid19\" class=\"markedContent\" style=\"color: #0000ff\"><span dir=\"ltr\" role=\"presentation\"><span id=\"page18R_mcid20\" class=\"markedContent\">\u2022 Practicar meditaci\u00f3n en la oscuridad (que no puedas ver tus dedos de las manos con los ojos abiertos). Tambi\u00e9n se\u00a0 estimula la gl\u00e1ndula pineal mediante los estados alterados de conciencia y con la pr\u00e1ctica de su activaci\u00f3n.<\/span><br \/>\n<\/span><\/span><\/strong><\/p>\n<h3><span style=\"color: #f01899\">Activaci\u00f3n de la gl\u00e1ndula pineal<\/span><\/h3>\n<p><strong><span style=\"color: #0000ff\">Se practica durante 2 semanas seguidas, aproximadamente. Fuente: los Mayas, tribu Kahunas de Hawaii,&#8230;<\/span><\/strong><\/p>\n<p><img loading=\"lazy\" decoding=\"async\" class=\"aligncenter size-full wp-image-3220\" src=\"https:\/\/www.mangelsmestre.com\/main\/wp-content\/uploads\/sites\/4\/2021\/05\/Rayos-exteriores.png\" alt=\"\" width=\"464\" height=\"459\" srcset=\"https:\/\/www.mangelsmestre.com\/main\/wp-content\/uploads\/sites\/4\/2021\/05\/Rayos-exteriores.png 464w, https:\/\/www.mangelsmestre.com\/main\/wp-content\/uploads\/sites\/4\/2021\/05\/Rayos-exteriores-300x297.png 300w\" sizes=\"auto, (max-width: 464px) 100vw, 464px\" \/><\/p>\n<p><strong><span style=\"color: #0000ff\">\u2022 La gl\u00e1ndula pineal funciona perfectamente a trav\u00e9s de la intenci\u00f3n. <\/span><\/strong><\/p>\n<p><strong><span style=\"color: #0000ff\">\u2022 Todos los rayos de luz apuntan al centro de la cabeza. <\/span><\/strong><\/p>\n<p><strong><span style=\"color: #0000ff\">\u2022 La gl\u00e1ndula pineal est\u00e1 algo posterior al chakra de la pineal. <\/span><\/strong><\/p>\n<p><strong><span style=\"color: #0000ff\">\u2022 La longitud de los rayos es como el largo de la mano y forman una esfera. Como nuestra cabeza no es esf\u00e9rica, algunos rayos son m\u00e1s largos que otros. Conectan con el chakra de la pineal no con la gl\u00e1ndula, que est\u00e1 algo posterior. <\/span><\/strong><\/p>\n<p><strong><span style=\"color: #0000ff\"><span id=\"page25R_mcid8\" class=\"markedContent\"><span dir=\"ltr\" role=\"presentation\">Los rayos tienen una polaridad asociada, positiva (+) o negativa (<\/span><span dir=\"ltr\" role=\"presentation\">&#8211;<\/span><span dir=\"ltr\" role=\"presentation\">). <\/span><\/span><\/span><\/strong><\/p>\n<p><strong><span style=\"color: #0000ff\"><span id=\"page25R_mcid8\" class=\"markedContent\"><span dir=\"ltr\" role=\"presentation\"><span id=\"page25R_mcid9\" class=\"markedContent\"><span style=\"text-decoration: underline\">Rayos de luz<\/span>: son canales de luz, como un tubo fluorescente bien recto. Son m\u00e1s f\u00e1ciles de percibir que el aura. Hace m\u00e1s de 13000 a\u00f1os que no los usamos. Actualmente son difusos. <\/span><\/span><\/span><\/span><\/strong><\/p>\n<p><img loading=\"lazy\" decoding=\"async\" class=\"aligncenter wp-image-4597\" src=\"https:\/\/www.mangelsmestre.com\/main\/wp-content\/uploads\/sites\/4\/2023\/03\/Rayos-luz-pineal.png\" alt=\"\" width=\"699\" height=\"398\" srcset=\"https:\/\/www.mangelsmestre.com\/main\/wp-content\/uploads\/sites\/4\/2023\/03\/Rayos-luz-pineal.png 838w, https:\/\/www.mangelsmestre.com\/main\/wp-content\/uploads\/sites\/4\/2023\/03\/Rayos-luz-pineal-300x171.png 300w, https:\/\/www.mangelsmestre.com\/main\/wp-content\/uploads\/sites\/4\/2023\/03\/Rayos-luz-pineal-768x437.png 768w\" sizes=\"auto, (max-width: 699px) 100vw, 699px\" \/><\/p>\n<p><span style=\"color: #0000ff\"><strong><span id=\"page28R_mcid1\" class=\"markedContent\"><span dir=\"ltr\" role=\"presentation\">Estos rayos de luz o corrientes no tocan la gl\u00e1ndula pineal. Son antenas que reciben<\/span> <span dir=\"ltr\" role=\"presentation\">im\u00e1gene<\/span><span dir=\"ltr\" role=\"presentation\">s del coraz\u00f3n. Son el enlace entre el coraz\u00f3n y el cerebro. Si no tienes estos<\/span> <span dir=\"ltr\" role=\"presentation\">rayos en funcionamiento, no tienes una conexi\u00f3n entre el coraz\u00f3n y el cerebro. Eso es la<\/span> <span dir=\"ltr\" role=\"presentation\">llamada \u201cca\u00edda\u201d. Puedes ver esta \u201cca\u00edda\u201d como un descenso a trav\u00e9s de los niveles<\/span> <span dir=\"ltr\" role=\"presentation\">dimens<\/span><span dir=\"ltr\" role=\"presentation\">ionales, pero una forma m\u00e1s acertada de verlo es que la conciencia estaba<\/span> <span dir=\"ltr\" role=\"presentation\">anclada en el coraz\u00f3n y nos movimos hacia el cerebro y lo esencial es volver al coraz\u00f3n.\u00a0\u00a0<\/span><\/span><\/strong><\/span><\/p>\n<p><span style=\"color: #0000ff\"><strong><span id=\"page28R_mcid1\" class=\"markedContent\"><span dir=\"ltr\" role=\"presentation\"> <span id=\"page28R_mcid2\" class=\"markedContent\">Podemos crear lo que queramos. Podemos modificar esta realidad como queramos. El problema actual es que no sabemos eso y toda nuestra creaci\u00f3n es inconsciente, no la realizamos de manera clara. <\/span><\/span><\/span><\/strong><\/span><\/p>\n<p><span style=\"color: #0000ff\"><strong><span id=\"page28R_mcid1\" class=\"markedContent\"><span dir=\"ltr\" role=\"presentation\"><span id=\"page28R_mcid2\" class=\"markedContent\">Hay un orden estricto en el que estos rayos deben ser \u201creconstruidos\u201d.<\/span><\/span><\/span><\/strong><\/span><\/p>\n<p><span style=\"color: #0000ff\"><strong><span id=\"page28R_mcid1\" class=\"markedContent\"><span dir=\"ltr\" role=\"presentation\"><span id=\"page28R_mcid2\" class=\"markedContent\"> Los rayos se iluminan desde el chakra pineal hacia afuera. Pero tambi\u00e9n hay un flujo hacia dentro, por tanto el flujo se mueve en ambas direcciones. La luz entra en forma de espiral \u2013espiralada- rotando igual que el \u201ccanal de luz\u201d que baja rotando y otro sube rotando en sentido opuesto. Todas las energ\u00edas est\u00e1n rotando, ya que la misma luz lo hace. <\/span><\/span><\/span><\/strong><\/span><\/p>\n<p><img loading=\"lazy\" decoding=\"async\" class=\"aligncenter size-full wp-image-4600\" src=\"https:\/\/www.mangelsmestre.com\/main\/wp-content\/uploads\/sites\/4\/2023\/03\/pineal-post.png\" alt=\"\" width=\"757\" height=\"478\" srcset=\"https:\/\/www.mangelsmestre.com\/main\/wp-content\/uploads\/sites\/4\/2023\/03\/pineal-post.png 757w, https:\/\/www.mangelsmestre.com\/main\/wp-content\/uploads\/sites\/4\/2023\/03\/pineal-post-300x189.png 300w\" sizes=\"auto, (max-width: 757px) 100vw, 757px\" \/><\/p>\n<p><strong><span style=\"color: #0000ff\">Cuando el coraz\u00f3n est\u00e1 completamente conectado al cerebro como lo estaba hace 13000 a\u00f1os, la esfera aparece. Esta esfera es perfecta, pero no aparece hasta que hagamos todo el proceso. La pr\u00e1ctica es muy f\u00e1cil, muchos m\u00e1s f\u00e1cil de lograr que el<br \/>\nMer-Ka- Ba. <\/span><\/strong><\/p>\n<p><strong><span style=\"color: #0000ff\">Cuando aprendes a hacer una de las conexiones, las dem\u00e1s son iguales. <\/span><\/strong><\/p>\n<p><strong><span style=\"color: #0000ff\">En la pubertad, a algunos de los ni\u00f1os con habilidades ps\u00edquicas, les crece una coraza de calcio en la gl\u00e1ndula pineal,\u00a0 bloqueando la habilidad de la pineal para hacer su trabajo. El calcio es como el de la artrosis y casi todos hoy en d\u00eda tienen estas \u201cantenas\u201d sin funcionar. <\/span><\/strong><\/p>\n<p><strong><span style=\"color: #0000ff\">Nuestro trabajo ahora es desarrollar estos tubos y reconectarlos a la pineal y con esto restablecemos el potencial para reconectarnos al coraz\u00f3n. <\/span><\/strong><\/p>\n<p><strong><span style=\"color: #0000ff\">La gl\u00e1ndula pineal es solo una fuente de energ\u00eda del chakra pineal. Es como en el coraz\u00f3n, el chakra del coraz\u00f3n est\u00e1 aqu\u00ed y aqu\u00ed cerca el \u00f3rgano. Hay una conexi\u00f3n directa entre los dos, pero son muy diferentes. <\/span><\/strong><\/p>\n<p><strong><span style=\"color: #0000ff\">El \u00f3rgano es la fuente del chakra. Hay unas actividades que se hacen con el chakra y otras con la gl\u00e1ndula. <\/span><\/strong><\/p>\n<p><strong><span style=\"color: #0000ff\">En esta activaci\u00f3n los rayos se iluminan desde el Chakra pineal. <\/span><\/strong><\/p>\n<p><strong><span style=\"color: #0000ff\">La esfera de luz (ver imagen 1) rodea los extremos de los rayos, que se forman con la activaci\u00f3n de la gl\u00e1ndula pineal y sus tubos de luz. Esta esfera est\u00e1 \u00edntimamente conectada con la esfera grande del Mer-Ka-Ba, la del extremo de los brazos de<br \/>\nLeonardo. Hay una relaci\u00f3n directa entre estos dos campos en el punto superior del rayo 4 de la polaridad (+). Las 2 esferas se tocan en este punto. <\/span><\/strong><\/p>\n<p><strong><span style=\"color: #0000ff\">Para encontrar la situaci\u00f3n de los rayos sobre nuestra cabeza, hacemos el siguiente procedimiento: <\/span><\/strong><\/p>\n<p><strong><span style=\"color: #0000ff\"><span id=\"page32R_mcid9\" class=\"markedContent\"><span dir=\"ltr\" role=\"presentation\">\u2022<\/span> <span dir=\"ltr\" role=\"presentation\">Colocamos el dedo pulgar encima de la punta de la barbilla y el dedo \u00edndice en la<\/span> <span dir=\"ltr\" role=\"presentation\">punta de la nariz para tener la medida que nec<\/span><span dir=\"ltr\" role=\"presentation\">esitamos para todos los puntos. <\/span><\/span><\/span><\/strong><\/p>\n<p><strong><span style=\"color: #0000ff\"><span id=\"page32R_mcid9\" class=\"markedContent\"><span dir=\"ltr\" role=\"presentation\">\u2022 Con los mismos dedos y la misma medida X, situamos el pulgar en la punta de la nariz y el dedo \u00edndice nos marcar\u00e1 el tubo 3(+) horizontal (el tercer ojo); despu\u00e9s repetimos la medida y obtendremos el tubo 1(+) \u2013el \u201cunicornio\u201d- y\u00a0 seguidamente el tubo 4(+) y as\u00ed sucesivamente. Solo necesitamos activar 3 rayos, el 1, el 2 y el 3. <\/span><\/span><\/span><\/strong><\/p>\n<p><strong><span style=\"color: #0000ff\"><span id=\"page32R_mcid9\" class=\"markedContent\"><span dir=\"ltr\" role=\"presentation\"><span id=\"page32R_mcid11\" class=\"markedContent\"><span style=\"text-decoration: underline\">La mano derecha tiene una carga positiva (+) y la mano izquierda tiene una carga negativa (-)<\/span>. <\/span><\/span><\/span><\/span><\/strong><\/p>\n<p><strong><span style=\"color: #0000ff\"><span id=\"page32R_mcid9\" class=\"markedContent\"><span dir=\"ltr\" role=\"presentation\"><span id=\"page32R_mcid11\" class=\"markedContent\"><span id=\"page32R_mcid12\" class=\"markedContent\">Cuando la energ\u00eda se proyecta fuera de la cabeza, son rayos de luz, son una energ\u00eda pura, limpia y cristalina. Pero dentro de la cabeza la energ\u00eda de estas corrientes se curva y es muy org\u00e1nica, como si fuera electricidad y se mueve todo el tiempo, parecen l\u00e1mparas de plasma, constantemente movi\u00e9ndose y cambiando.<\/span><\/span><\/span><\/span><\/span><\/strong><\/p>\n<p><strong><span style=\"color: #0000ff\"><span id=\"page32R_mcid9\" class=\"markedContent\"><span dir=\"ltr\" role=\"presentation\"><span id=\"page32R_mcid11\" class=\"markedContent\"><span id=\"page32R_mcid12\" class=\"markedContent\"> <span id=\"page36R_mcid0\" class=\"markedContent\">La gl\u00e1ndula pineal acostumbra a estar sellada por una coraza de calcio, pero nosotros trabajamos con el chakra. Este trabajo consiste en transformar esas antenas o corrientes en rayos tubulares y reconectarlos al chakra pineal. Si lo consigues, restablecer\u00e1s el potencial para reconectarte de nuevo con el coraz\u00f3n.<\/span><span id=\"page36R_mcid1\" class=\"markedContent\"> <\/span><\/span><\/span><\/span><\/span><\/span><\/strong><\/p>\n<p><strong><span style=\"color: #0000ff\"><span id=\"page32R_mcid9\" class=\"markedContent\"><span dir=\"ltr\" role=\"presentation\"><span id=\"page32R_mcid11\" class=\"markedContent\"><span id=\"page32R_mcid12\" class=\"markedContent\"><span id=\"page36R_mcid1\" class=\"markedContent\">Hay terapeutas que conocen la pr\u00e1ctica de la activaci\u00f3n de la gl\u00e1ndula pineal. <\/span><br \/>\n<\/span><\/span><\/span><\/span><\/span><\/strong><\/p>\n<h3><span style=\"color: #f01899\">Pr\u00e1ctica de la activaci\u00f3n de la Pineal<\/span><\/h3>\n<p><strong><span style=\"color: #0000ff\">Una vez activada la gl\u00e1ndula pineal, podremos activar el Mer-Ki-vah, que es el veh\u00edculo de luz para la Ascensi\u00f3n. En el descenso hacia el mundo f\u00edsico usamos el veh\u00edculo Mer-Ka-ba. <\/span><\/strong><\/p>\n<p><strong><span style=\"color: #0000ff\">Como hemos dicho, se practica durante 2 semanas. <\/span><\/strong><\/p>\n<p><strong><span style=\"color: #0000ff\"><span id=\"page36R_mcid6\" class=\"markedContent\"><span dir=\"ltr\" role=\"presentation\">Rayos 1 del<\/span> <span dir=\"ltr\" role=\"presentation\">unicornio. <\/span><\/span><\/span><\/strong><\/p>\n<p><strong><span style=\"color: #0000ff\"><span id=\"page36R_mcid6\" class=\"markedContent\"><span dir=\"ltr\" role=\"presentation\"><span id=\"page36R_mcid7\" class=\"markedContent\">1. Colocamos las manos como si cogi\u00e9ramos el manillar de una bicicleta en lo puntos A. La mano izquierda (-) en A (+). La mano derecha (+) en el opuesto (-). (Ver imagen 1)<\/span><span id=\"page36R_mcid8\" class=\"markedContent\"> <\/span><\/span><\/span><\/span><\/strong><\/p>\n<p><strong><span style=\"color: #0000ff\"><span id=\"page36R_mcid6\" class=\"markedContent\"><span dir=\"ltr\" role=\"presentation\"><span id=\"page36R_mcid8\" class=\"markedContent\">2. El haz tiene que salir hasta el extremo de los pu\u00f1os.<\/span><span id=\"page36R_mcid9\" class=\"markedContent\"> <\/span><\/span><\/span><\/span><\/strong><\/p>\n<p><strong><span style=\"color: #0000ff\"><span id=\"page36R_mcid6\" class=\"markedContent\"><span dir=\"ltr\" role=\"presentation\"><span id=\"page36R_mcid9\" class=\"markedContent\">A continuaci\u00f3n les decimos que se conviertan en un haz de energ\u00eda. <\/span><\/span><\/span><\/span><\/strong><\/p>\n<p><strong><span style=\"color: #0000ff\"><span id=\"page36R_mcid6\" class=\"markedContent\"><span dir=\"ltr\" role=\"presentation\"><span id=\"page36R_mcid9\" class=\"markedContent\"><span id=\"page36R_mcid10\" class=\"markedContent\">Los agarramos y les decimos que se conviertan en un haz de energ\u00eda y quedar\u00e1n como tubos cortitos, donde podr\u00e1s sentir el rayo que corresponda a una de las manos m\u00e1s fuerte y el otro rayo m\u00e1s d\u00e9bil.<\/span><span id=\"page36R_mcid11\" class=\"markedContent\"> <\/span><\/span><\/span><\/span><\/span><\/strong><\/p>\n<p><strong><span style=\"color: #0000ff\"><span id=\"page36R_mcid6\" class=\"markedContent\"><span dir=\"ltr\" role=\"presentation\"><span id=\"page36R_mcid9\" class=\"markedContent\"><span id=\"page36R_mcid11\" class=\"markedContent\">Luego vamos hacia el m\u00e1s d\u00e9bil y le decimos solo a este que saque m\u00e1s energ\u00eda y se extienda. Solo con el pensamiento, el cuerpo te escucha perfectamente y har\u00e1 lo que le decimos.<\/span><span id=\"page36R_mcid12\" class=\"markedContent\"> <\/span><\/span><\/span><\/span><\/span><\/strong><\/p>\n<p><strong><span style=\"color: #0000ff\"><span class=\"markedContent\"><span dir=\"ltr\" role=\"presentation\"><span class=\"markedContent\"><span class=\"markedContent\">Normalmente saldr\u00e1 solo un poquito y tendremos que insistir pidiendo m\u00e1s, pero de momento no lo sacaremos todo, tenemos que tratar que quede tan largo como nuestra mano con los dedos curvados (manillar de bicicleta). Solo tienes que decir m\u00e1s, m\u00e1s, m\u00e1s&#8230;hasta que llegue a atravesar la mano. Ah\u00ed nos detendremos. En este punto tomamos el otro extremo, el m\u00e1s fuerte, y repetimos el proceso. Puede ser que tengas que repetir 10 veces \u201cm\u00e1s, m\u00e1s, m\u00e1s,&#8230;\u201d. No tiene que ser perfecto o s\u00faper preciso, solo hasta que lleguen un poco m\u00e1s all\u00e1 de tus pu\u00f1os. <\/span><\/span><\/span><\/span><\/span><\/strong><\/p>\n<p><strong><span style=\"color: #0000ff\"><span class=\"markedContent\"><span dir=\"ltr\" role=\"presentation\"><span class=\"markedContent\"><span class=\"markedContent\"><span id=\"page36R_mcid13\" class=\"markedContent\">3. Sueltas las manos y las colocas con los chakras de las manos (el punto central de la palma de la mano) directamente sobre estos 2 puntos A+ A- (la mano plana, su centro con el punto). Cuando haces la activaci\u00f3n para ti mismo puedes hacerlo sin tus manos. Puedes sentarte y comunicarte con tu cuerpo y hacer esto muy claramente, pero hay personas que necesitan usar sus manos (a m\u00ed me resulta m\u00e1s f\u00e1cil con las manos).<\/span><span id=\"page36R_mcid14\" class=\"markedContent\"> <\/span><\/span><\/span><\/span><\/span><\/span><\/strong><\/p>\n<p><strong><span style=\"color: #0000ff\"><span class=\"markedContent\"><span dir=\"ltr\" role=\"presentation\"><span class=\"markedContent\"><span class=\"markedContent\"><span id=\"page36R_mcid14\" class=\"markedContent\">4. Lo siguiente es cerrar los ojos. Todos podemos ver dentro de nuestro cuerpo con los ojos cerrados. Si los abrimos, podemos ver la superficie pero no dentro del cuerpo, en <\/span><\/span><\/span><\/span><\/span><\/span><\/strong><strong><span style=\"color: #0000ff\"><span id=\"page36R_mcid6\" class=\"markedContent\"><span dir=\"ltr\" role=\"presentation\"><span id=\"page36R_mcid9\" class=\"markedContent\"><span id=\"page36R_mcid12\" class=\"markedContent\"><span id=\"page38R_mcid0\" class=\"markedContent\">su interior. Con la intenci\u00f3n podr\u00e1s ver el chakra pineal.\u00a0 Usualmente, la mayor\u00eda lo ven rojo o negro, aunque tambi\u00e9n puede ser turquesa.<\/span><span id=\"page38R_mcid1\" class=\"markedContent\"> <\/span><\/span><\/span><\/span><\/span><\/span><\/strong><\/p>\n<p><strong><span style=\"color: #0000ff\"><span id=\"page36R_mcid6\" class=\"markedContent\"><span dir=\"ltr\" role=\"presentation\"><span id=\"page36R_mcid9\" class=\"markedContent\"><span id=\"page36R_mcid12\" class=\"markedContent\"><span id=\"page38R_mcid1\" class=\"markedContent\">5. Despu\u00e9s de ver el chakra olvidamos todo el resto y podremos ver estos dos rayos internos movi\u00e9ndose ah\u00ed dentro. As\u00ed que vemos el punto del chakra y dos rayos movi\u00e9ndose. Y al poner tus manos y con tu intenci\u00f3n, tendr\u00e1s que hacer conectar estos rayos al centro del chakra pineal, y ellos no querr\u00e1n hacerlo. Tienes que seguir intent\u00e1ndolo. Las primeras veces lo har\u00e1n durante 2 segundos y se volver\u00e1n a separar. Deber\u00e1s seguir hasta que queden conectados y luego los mantendr\u00e1s all\u00ed al menos un minuto, mejor dos, hasta que veas que no se van a desconectar del centro.<\/span><span id=\"page38R_mcid2\" class=\"markedContent\"><\/span><\/span><\/span><\/span><\/span><\/span><\/strong><\/p>\n<p><strong><span style=\"color: #0000ff\"><span id=\"page36R_mcid6\" class=\"markedContent\"><span dir=\"ltr\" role=\"presentation\"><span id=\"page36R_mcid9\" class=\"markedContent\"><span id=\"page36R_mcid12\" class=\"markedContent\"><span id=\"page38R_mcid2\" class=\"markedContent\">6. Tus manos abiertas est\u00e1n en los puntos A+, A-. Ahora las mueves hacia a fuera de la cabeza hasta un poco m\u00e1s de 20cm. Con tu intenci\u00f3n los rayos seguir\u00e1n las palmas de tus manos y crecer\u00e1n. <\/span><\/span><\/span><\/span><\/span><\/span><\/strong><\/p>\n<p><strong><span style=\"color: #0000ff\"><span id=\"page36R_mcid6\" class=\"markedContent\"><span dir=\"ltr\" role=\"presentation\"><span id=\"page36R_mcid9\" class=\"markedContent\"><span id=\"page36R_mcid12\" class=\"markedContent\"><span id=\"page38R_mcid2\" class=\"markedContent\">Las manos en los dos extremos hacia la esfera y contin\u00faa m\u00e1s all\u00e1, unos cent\u00edmetros m\u00e1s all\u00e1 de la esfera dibujada, porque cuando ellas lleguen a la esfera se detendr\u00e1n. Solo ver\u00e1s los dos tubos. Pon atenci\u00f3n a los extremos de estos tubos y ver\u00e1s que est\u00e1n pulsando en tus manos, los sentimos en el centro de las palmas de las manos. Notar\u00e1s que pulsan, ahora uno y despu\u00e9s el otro, como un partido de ping pong&#8230;pols, pols-pols, pols-pols, pols, pols. Con nuestra intenci\u00f3n debemos lograr que pulsen al mismo tiempo, dici\u00e9ndoles \u201cpulsad al mismo tiempo\u201d.\u00a0 <\/span><\/span><\/span><\/span><\/span><\/span><\/strong><\/p>\n<p><strong><span style=\"color: #0000ff\"><span id=\"page36R_mcid6\" class=\"markedContent\"><span dir=\"ltr\" role=\"presentation\"><span id=\"page36R_mcid9\" class=\"markedContent\"><span id=\"page36R_mcid12\" class=\"markedContent\"><span id=\"page38R_mcid2\" class=\"markedContent\"><span id=\"page38R_mcid4\" class=\"markedContent\">Pueden pasar 30 segundos sin que nada cambie y luego llega un momento de caos, tras el cual pasar\u00e1n de pulsar alternados a pulsar sincronizadamente, o sea pulsando al mismo tiempo.<\/span><span id=\"page38R_mcid5\" class=\"markedContent\"> <\/span><\/span><\/span><\/span><\/span><\/span><\/span><\/strong><\/p>\n<p><strong><span style=\"color: #0000ff\"><span id=\"page36R_mcid6\" class=\"markedContent\"><span dir=\"ltr\" role=\"presentation\"><span id=\"page36R_mcid9\" class=\"markedContent\"><span id=\"page36R_mcid12\" class=\"markedContent\"><span id=\"page38R_mcid2\" class=\"markedContent\"><span id=\"page38R_mcid5\" class=\"markedContent\">7. Hay que contar los pulsos a partir del momento en que se sincronizan, 1, 2, 3, 4&#8230;hasta 20 o mejor 25, para asegurarnos.<\/span><span id=\"page38R_mcid6\" class=\"markedContent\"><br role=\"presentation\" \/>Puedes sacar tus manos y esos tubos de luz estar\u00e1n conectados y se guardar\u00e1n ah\u00ed.<\/span> <\/span><\/span><\/span><\/span><\/span><\/span><\/strong><\/p>\n<h3><span id=\"page38R_mcid8\" class=\"markedContent\" style=\"color: #f01899\"><span dir=\"ltr\" role=\"presentation\">Rayos 2 laterales: activamos los tubos laterales<\/span><\/span><\/h3>\n<p><strong><span style=\"color: #0000ff\">Estos tubos est\u00e1n en los laterales, pero no est\u00e1n en los temporales, debemos ubicarlos sobre la oreja y un poco hacia la frente (ligeramente m\u00e1s arriba de tus ojos, apuntando hacia el centro de tu cabeza). As\u00ed que repetimos el proceso anterior. <\/span><\/strong><\/p>\n<p><strong><span style=\"color: #0000ff\">\u2022 Vemos la energ\u00eda difusa, la agarramos con las manos y la alineamos con la intenci\u00f3n. <\/span><\/strong><\/p>\n<p><strong><span style=\"color: #0000ff\">\u2022 Sentimos cu\u00e1l queda m\u00e1s d\u00e9bil y decimos que se extienda hasta salir de la mano y hacemos lo mismo con la otra. <\/span><\/strong><\/p>\n<p><strong><span style=\"color: #0000ff\">\u2022 Ponemos las manos en la cabeza: La mano derecha en el punto B-, que est\u00e1 casi en el temporal derecho, y la mano\u00a0 izquierda en el punto B+, que est\u00e1 casi en el temporal izquierdo. <\/span><\/strong><\/p>\n<p><strong><span style=\"color: #0000ff\">\u2022 Miramos hacia dentro y visualizamos el chakra pineal. <\/span><\/strong><\/p>\n<p><strong><span style=\"color: #0000ff\">\u2022 Cerramos los ojos y miramos dentro de nuestra cabeza y vemos el chakra pineal y los peque\u00f1os rayos. Tratamos de\u00a0 conectarlos. <\/span><\/strong><\/p>\n<p><strong><span style=\"color: #0000ff\">\u2022 Una vez conectados extenderemos los tubos a cada lado y hacemos pulsar, ya que van de un lado a otro. <\/span><\/strong><\/p>\n<p><strong><span style=\"color: #0000ff\">\u2022 Sincronizamos los pulsos con nuestra intenci\u00f3n para que pulsen al mismo tiempo.<\/span><\/strong><\/p>\n<p><strong><span style=\"color: #0000ff\">\u2022 Contamos 20 pulsos o m\u00e1s y vamos al tercer rayo.<\/span><\/strong><\/p>\n<h3><span id=\"page40R_mcid5\" class=\"markedContent\" style=\"color: #f01899\"><span dir=\"ltr\" role=\"presentation\">Rayos 3: el del tercer ojo (horizontal) C+ y C<\/span><span dir=\"ltr\" role=\"presentation\">&#8211;<\/span><\/span><\/h3>\n<p><strong><span style=\"color: #0000ff\">Hacemos lo mismo que anteriormente en los otros 2 rayos (1 y 2).<\/span><\/strong><\/p>\n<h3><img loading=\"lazy\" decoding=\"async\" class=\"aligncenter wp-image-4593\" src=\"https:\/\/www.mangelsmestre.com\/main\/wp-content\/uploads\/sites\/4\/2023\/03\/12_03_23_01.jpg\" alt=\"\" width=\"857\" height=\"482\" srcset=\"https:\/\/www.mangelsmestre.com\/main\/wp-content\/uploads\/sites\/4\/2023\/03\/12_03_23_01.jpg 1280w, https:\/\/www.mangelsmestre.com\/main\/wp-content\/uploads\/sites\/4\/2023\/03\/12_03_23_01-300x169.jpg 300w, https:\/\/www.mangelsmestre.com\/main\/wp-content\/uploads\/sites\/4\/2023\/03\/12_03_23_01-1024x576.jpg 1024w, https:\/\/www.mangelsmestre.com\/main\/wp-content\/uploads\/sites\/4\/2023\/03\/12_03_23_01-768x432.jpg 768w\" sizes=\"auto, (max-width: 857px) 100vw, 857px\" \/><\/h3>\n<h3><span id=\"page40R_mcid8\" class=\"markedContent\" style=\"color: #f01899\"><span dir=\"ltr\" role=\"presentation\">Rayos 4 (vertical)<\/span><\/span><\/h3>\n<p><strong><span style=\"color: #0000ff\">No es necesario hacerlo en estos rayos 4. Recuerda que el chakra pineal est\u00e1 en el centro de tu tubo respiratorio pr\u00e1nico. Es un poco inc\u00f3modo porque hay que hacerlo entre la cabeza y el perineo, no hay otra manera de llegar. A trav\u00e9s del cuerpo, porque el punto opuesto al rayo 4+ est\u00e1 en medio de la garganta y no accedemos. <\/span><\/strong><\/p>\n<p><strong><span style=\"color: #0000ff\">Muchas veces los rayos de luz quedan funcionando 10 o 15 minutos y luego colapsan. Normalmente la segunda vez se mantendr\u00e1n. Para fijar permanentemente este sistema tienes que hacerlo diariamente durante dos semanas. Puede ser que no notes su funcionamiento, pero las migra\u00f1as desaparecer\u00e1n. <\/span><\/strong><\/p>\n<p>&nbsp;<\/p>\n<p><iframe loading=\"lazy\" title=\"13. 2015 - Drunvalo Melchizedek - C\u00f3mo activar completamente las antenas de la gl\u00e1ndula pineal\" width=\"780\" height=\"439\" src=\"https:\/\/www.youtube.com\/embed\/nUiW7sTgRNg?feature=oembed\" frameborder=\"0\" allow=\"accelerometer; autoplay; clipboard-write; encrypted-media; gyroscope; picture-in-picture; web-share\" allowfullscreen><\/iframe><\/p>\n","protected":false},"excerpt":{"rendered":"<p>Gl\u00e1ndula Pineal La gl\u00e1ndula pineal se sit\u00faa en la base central del cerebro. Desde tiempos antiguos se ha asociado esta [&hellip;]<\/p>\n","protected":false},"author":2,"featured_media":4593,"comment_status":"open","ping_status":"open","sticky":false,"template":"","format":"standard","meta":{"footnotes":""},"categories":[1],"tags":[],"class_list":["post-4595","post","type-post","status-publish","format-standard","has-post-thumbnail","hentry","category-sin-categoria"],"_links":{"self":[{"href":"https:\/\/www.mangelsmestre.com\/main\/wp-json\/wp\/v2\/posts\/4595","targetHints":{"allow":["GET"]}}],"collection":[{"href":"https:\/\/www.mangelsmestre.com\/main\/wp-json\/wp\/v2\/posts"}],"about":[{"href":"https:\/\/www.mangelsmestre.com\/main\/wp-json\/wp\/v2\/types\/post"}],"author":[{"embeddable":true,"href":"https:\/\/www.mangelsmestre.com\/main\/wp-json\/wp\/v2\/users\/2"}],"replies":[{"embeddable":true,"href":"https:\/\/www.mangelsmestre.com\/main\/wp-json\/wp\/v2\/comments?post=4595"}],"version-history":[{"count":3,"href":"https:\/\/www.mangelsmestre.com\/main\/wp-json\/wp\/v2\/posts\/4595\/revisions"}],"predecessor-version":[{"id":4608,"href":"https:\/\/www.mangelsmestre.com\/main\/wp-json\/wp\/v2\/posts\/4595\/revisions\/4608"}],"wp:featuredmedia":[{"embeddable":true,"href":"https:\/\/www.mangelsmestre.com\/main\/wp-json\/wp\/v2\/media\/4593"}],"wp:attachment":[{"href":"https:\/\/www.mangelsmestre.com\/main\/wp-json\/wp\/v2\/media?parent=4595"}],"wp:term":[{"taxonomy":"category","embeddable":true,"href":"https:\/\/www.mangelsmestre.com\/main\/wp-json\/wp\/v2\/categories?post=4595"},{"taxonomy":"post_tag","embeddable":true,"href":"https:\/\/www.mangelsmestre.com\/main\/wp-json\/wp\/v2\/tags?post=4595"}],"curies":[{"name":"wp","href":"https:\/\/api.w.org\/{rel}","templated":true}]}}