{"id":4762,"date":"2023-09-08T05:15:23","date_gmt":"2023-09-08T03:15:23","guid":{"rendered":"https:\/\/www.mangelsmestre.com\/main\/?p=4762"},"modified":"2023-09-08T09:50:56","modified_gmt":"2023-09-08T07:50:56","slug":"fusion-tierra-cielo","status":"publish","type":"post","link":"https:\/\/www.mangelsmestre.com\/main\/fusion-tierra-cielo\/","title":{"rendered":"Fusi\u00f3n Tierra &#8211; Cielo"},"content":{"rendered":"<p><img loading=\"lazy\" decoding=\"async\" class=\"wp-image-4763 alignleft\" src=\"https:\/\/www.mangelsmestre.com\/main\/wp-content\/uploads\/sites\/4\/2023\/09\/Arbol-de-la-Vida-acuarela.jpg\" alt=\"\" width=\"392\" height=\"490\" srcset=\"https:\/\/www.mangelsmestre.com\/main\/wp-content\/uploads\/sites\/4\/2023\/09\/Arbol-de-la-Vida-acuarela.jpg 564w, https:\/\/www.mangelsmestre.com\/main\/wp-content\/uploads\/sites\/4\/2023\/09\/Arbol-de-la-Vida-acuarela-240x300.jpg 240w\" sizes=\"auto, (max-width: 392px) 100vw, 392px\" \/><\/p>\n<p><strong><span style=\"color: #0000ff\">Para habilitar esta gran tecnolog\u00eda, que es nuestro avatar, necesitamos de la fusi\u00f3n Tierra &#8211; Cielo. El orden para conseguirlo es hacer primero la fusi\u00f3n a la Tierra para fusionarnos despu\u00e9s al cielo a trav\u00e9s del Sol hacia el Cosmos, para activar nuestra divinidad, nuestro Yo Soy, que ser\u00e1 el inicio del programa del Cristo C\u00f3smico. <\/span><\/strong><\/p>\n<p><strong><span style=\"color: #0000ff\">Nosotros somos los encargados de reprogramar el planeta como colectivo humano a nivel sociocultural. Durante un tiempo vamos a necesitar comida, por un tiempo vamos a usar dinero,&#8230; Poco a poco se trata de ir cambiando patrones existenciales de la matrix.<\/span> <\/strong><\/p>\n<h3><span style=\"color: #cc238e\">Los Chakras<\/span><\/h3>\n<p><strong><span style=\"color: #0000ff\">Vamos a empezar el entrelazamiento a trav\u00e9s de nuestros Chakras, tanto los internos como los extracorp\u00f3reos para sincronizar al n\u00facleo de la Tierra y al Sol. Con estos entrelazamientos se activan los discos estabilizadores en nuestro Chakra Plexo Solar y en nuestro Chakra Card\u00edaco. Esto genera un nuevo Cuerpo de Luz para adentrarnos a la 5D. <\/span><\/strong><\/p>\n<h3><span style=\"color: #cc238e\">Pasillos Cu\u00e1nticos<\/span><\/h3>\n<p><strong><span style=\"color: #0000ff\">En cada eclipse del planeta se abre lo que se llaman Los Portales, que van a llamarse Pasillos Cu\u00e1nticos. Los Pasillos Cu\u00e1nticos se habilitan solamente entre la Madre Tierra y el avatar humano, para nadie m\u00e1s. <\/span><\/strong><\/p>\n<p><strong><span style=\"color: #0000ff\">Los Pasillos Cu\u00e1nticos se abren entre el n\u00facleo de la Tierra con su Llama Trina en su Coraz\u00f3n Amoroso y, hacia arriba, lo toma cada humano sincronizado. Y contin\u00faan entre el avatar humano, con patrones de dise\u00f1o luz, entre el humano y el Sol.\u00a0<\/span> <\/strong><\/p>\n<h3><span style=\"color: #cc238e\">La Sincronizaci\u00f3n a Madre Tierra<\/span><\/h3>\n<p><strong><span style=\"color: #0000ff\">Nos ayudar\u00e1 la informaci\u00f3n y el conocimiento de los chamanes, porque son los guardianes de la Tierra, est\u00e1n unificados a los elementos, a los elementales de la naturaleza y a los Devas o jerarqu\u00edas espirituales, fusionados al reino mineral, vegetal, animal y humano. <\/span><\/strong><\/p>\n<p><strong><span style=\"color: #0000ff\">Este conocimiento se nos neg\u00f3, no se nos permiti\u00f3 conocer la sincronizaci\u00f3n de la Madre Tierra que oficia de matriz para todo humano. <\/span><\/strong><\/p>\n<p><strong><span style=\"color: #0000ff\">No se puede manifestar el programa luz mediante la conciencia humana de luz si no se pasa por el n\u00facleo, la matriz de la Tierra. <\/span><\/strong><\/p>\n<p><strong><span style=\"color: #0000ff\">Un cham\u00e1n, antes de que se forme su feto, se fusiona con su campo at\u00f3mico con los 4 Devas de la naturaleza, los Devas espirituales. Es por esto que un cham\u00e1n tiene que ser \u00fanicamente de linaje.\u00a0<\/span> <\/strong><\/p>\n<p><strong><span style=\"color: #0000ff\">En el futuro toda la raza humana nacer\u00e1 cham\u00e1nica, con la fusi\u00f3n del campo at\u00f3mico a la matriz de la Tierra. Ahora no lo estamos porque nos desconectaron.<\/span> <\/strong><\/p>\n<h3><span style=\"color: #cc238e\"><strong>Orden Mer\u00fa<\/strong><\/span><\/h3>\n<p><strong><span style=\"color: #0000ff\">Actualmente nos toca trabajar con la orden Mer\u00fa, que es anterior a la orden Kumara y a la orden de la Hermandad Blanca. <\/span><\/strong><\/p>\n<p><strong><span style=\"color: #0000ff\">La orden Mer\u00fa est\u00e1 a cargo de Aramo Mur\u00fa con su complemento femenino Arama Mar\u00e1. <\/span><\/strong><\/p>\n<p><strong><span style=\"color: #0000ff\">El arameo viene de la palabra inicial arame, que significa \u00abCielo y Tierra\u00bb. <\/span><\/strong><\/p>\n<p><strong><span style=\"color: #0000ff\">Ad\u00e1n significa \u00abhecho de la Tierra\u00bb y Aram significa \u00abfusi\u00f3n de Cielo y Tierra\u00bb. Aramo Mur\u00fa trabaja concomitante con la Hermandad Blanca y la Hermandad de los 7 Rayos, que nos van a guiar, junto a los Ancianos de los D\u00edas, que es una estructura menor m\u00e1s cercana a nosotros, de nuestro Sistema Solar. <\/span><\/strong><\/p>\n<p><strong><span style=\"color: #0000ff\">La Hermandad Aramo Mur\u00fa nos ayudar\u00e1 a conectar todo el ensamblaje del avatar a la Tierra, porque nos unir\u00e1 a todos los humanos del linaje cham\u00e1nico para el proceso que precisa de una estructura jer\u00e1rquica de los maestros de la Orden Mer\u00fa, guardianes de la Tierra de dimensiones 5D, 6D, 7D.<\/span> <\/strong><\/p>\n<p><strong><span style=\"color: #0000ff\">Ellos se acoplar\u00e1n a los humanos de linaje cham\u00e1nico para que no se pueda violar como se hizo en la Atl\u00e1ntida.\u00a0<\/span> <\/strong><\/p>\n<p><strong><span style=\"color: #0000ff\">No nos sirve solamente las respiraciones o los MerKaBas porque es muy complejo. Nos tienen que guiar los chamanes de linaje fusionados a la Hermandad Mer\u00fa, a toda la plantilla de la Tierra para fusionarnos al n\u00facleo de la Madre Tierra.\u00a0<\/span> <\/strong><\/p>\n<p><strong><span style=\"color: #0000ff\">\u00abEl hijo creado de la Tierra\u00bb ser\u00e1 el colectivo humano m\u00ednimo con esta voluntad (las 144 mil hebras de informaci\u00f3n). Solo los necesarios para hacer la masa cr\u00edtica del anclaje a la Madre Tierra. Solo son entre un 15%-25% de la poblaci\u00f3n que vienen a hacer esta fusi\u00f3n: Tierra &#8211; Avatar &#8211; Cielo. El resto de personas han venido para hacer otras funciones, porque la Tierra es un planeta decimal, ya que es 1 de cada 10 planetas de la galaxia que cumple con la funci\u00f3n de ser \u00abla reserva gen\u00e9tica de todos los ADNs de la galaxia, de la V\u00eda L\u00e1ctea, es un biblioteca viviente\u00bb.<\/span> <\/strong><\/p>\n<p><strong><span style=\"color: #0000ff\">Hay humanos que vienen a recabar informaci\u00f3n para entregarla a los ingenieros cu\u00e1nticos o a los f\u00edsicos c\u00f3smicos. Otros vienen como historiadores, m\u00e9dicos genetistas estelares, etc. <\/span><\/strong><\/p>\n<p><strong><span style=\"color: #0000ff\">Habr\u00e1n otros humanos que no podr\u00e1n porque les faltar\u00e1 desparasitarse de patrones mentales con miasmas, egr\u00e9gores,&#8230; porque se necesita una ampliaci\u00f3n de conciencia, cambiar nuestra forma &#8211; pensamiento, etc.<\/span> <\/strong><\/p>\n<h3><span style=\"color: #cc238e\">Los Humanos Elfos<\/span><\/h3>\n<p><span style=\"color: #0000ff\"><strong>Cuando el humano logra la fusi\u00f3n con estas 3 entidades: elementos, elementales y Devas de la Naturaleza, se le llama \u00abHumano Elfo\u00bb, no hay que confundirlos con los Humanos \u00c9lficos de Lira, que est\u00e1n aqu\u00ed para ayudar, son los n\u00f3rdicos encarnados en las zonas fr\u00edas de la Tierra, como Dinamarca, Finlandia, Noruega, Suecia, Islandia. Ellos son muy blancos y no resisten el calor fuerte ni el sol. <\/strong><\/span><\/p>\n<p><strong><span style=\"color: #0000ff\">Los Humanos \u00c9lficos ya son humanos Adam Kadmon 33, son Maestros 33 que est\u00e1n encarnados en servicio, no para evolucionar. Ellos gen\u00e9ticamente ya los crearon con esta fusi\u00f3n y nosotros tenemos que evolucionar para lograrlo.<\/span> <\/strong><\/p>\n<h3><span style=\"color: #cc238e\">La Matriz<\/span><\/h3>\n<p><span style=\"color: #0000ff\"><strong>El n\u00facleo de la Madre Tierra ya hizo los 2 giros. Cuando ella gira, frena y gira, el campo at\u00f3mico de su Llama Trina crea una Geometr\u00eda Sagrada et\u00e9rica que la cubre. Nosotros tal como estamos ahora no lo podemos ver, pero un cham\u00e1n lo ve. <\/strong><\/span><\/p>\n<p><strong><span style=\"color: #0000ff\">La Tierra necesita hacer 2 giros, un giro para crear el tetraedro inferior, y otro giro hacia el otro lado para crear el tetraedro superior. Ambos tetraedros se tocan por las bases. Si lo observamos bidimensionalmente, forma un rombo. Si le damos volumen, forma un octaedro. El octaedro almacena todo el campo at\u00f3mico de Madre Gaia y nosotros, gracias a este octaedro, comemos de la Tierra. Este octaedro es la Matriz de la Madre Tierra de Gaia. Estamos recibiendo la fusi\u00f3n del Campo At\u00f3mico, de la Llama Trina, de Madre Tierra, y este es la Matriz.\u00a0<\/span> <\/strong><\/p>\n<p><img loading=\"lazy\" decoding=\"async\" class=\"aligncenter wp-image-4764\" src=\"https:\/\/www.mangelsmestre.com\/main\/wp-content\/uploads\/sites\/4\/2023\/09\/Tetraedro-y-Octaedro.png\" alt=\"\" width=\"356\" height=\"233\" srcset=\"https:\/\/www.mangelsmestre.com\/main\/wp-content\/uploads\/sites\/4\/2023\/09\/Tetraedro-y-Octaedro.png 433w, https:\/\/www.mangelsmestre.com\/main\/wp-content\/uploads\/sites\/4\/2023\/09\/Tetraedro-y-Octaedro-300x196.png 300w\" sizes=\"auto, (max-width: 356px) 100vw, 356px\" \/><\/p>\n<p><strong><span style=\"color: #0000ff\">Estos 2 giros que hizo m\u00e1s de 2000 a\u00f1os atr\u00e1s est\u00e1 escrito en las Biblias, en el apartado del Apocalipsis, que ya es ahora. Este es el momento donde la humanidad retoma su empoderamiento porque esto ya sucedi\u00f3. <\/span><\/strong><\/p>\n<p><strong><span style=\"color: #0000ff\">La Tierra gir\u00f3 contrarrotatorio uni\u00e9ndose con la energ\u00eda femenina para activarla y, despu\u00e9s, gir\u00f3 rotatorio, para activar la energ\u00eda masculina. Esto provoc\u00f3 la activaci\u00f3n de la Matriz de la Tierra, porque sin matriz no vamos a poder crear nada como Humanos Luz Adam Kadmon de 33 capas. <\/span><\/strong><\/p>\n<h3><span style=\"color: #cc238e\">\u00bfC\u00f3mo tenemos que ensamblarnos?<\/span><\/h3>\n<p><strong><span style=\"color: #0000ff\">Nosotros tenemos que fusionarnos con el octaedro abajo y arriba, intercept\u00e1ndolo. Ahora ya no tiene la figura de rombo ni de octaedro, pero s\u00ed son dos tri\u00e1ngulos o pir\u00e1mides interconectadas. <\/span><\/strong><\/p>\n<p><img loading=\"lazy\" decoding=\"async\" class=\"aligncenter size-full wp-image-4757\" src=\"https:\/\/www.mangelsmestre.com\/main\/wp-content\/uploads\/sites\/4\/2023\/09\/Merkaba-cenital.png\" alt=\"\" width=\"200\" height=\"200\" srcset=\"https:\/\/www.mangelsmestre.com\/main\/wp-content\/uploads\/sites\/4\/2023\/09\/Merkaba-cenital.png 200w, https:\/\/www.mangelsmestre.com\/main\/wp-content\/uploads\/sites\/4\/2023\/09\/Merkaba-cenital-150x150.png 150w\" sizes=\"auto, (max-width: 200px) 100vw, 200px\" \/><\/p>\n<p><strong><span style=\"color: #0000ff\">Como premisa debemos tener alineados los 7 Chakras para que est\u00e9n generando energ\u00eda y, ya dijimos que es necesario: <\/span><\/strong><\/p>\n<ul>\n<li><strong><span style=\"color: #0000ff\">La desparasitaci\u00f3n f\u00edsica<\/span><\/strong><\/li>\n<li><strong><span style=\"color: #0000ff\">La desparasitaci\u00f3n astral<\/span><\/strong><\/li>\n<li><strong><span style=\"color: #0000ff\">Ciertas respiraciones de acompa\u00f1amiento, sea de jerarqu\u00edas espirituales o de seres cham\u00e1nicos. <\/span><\/strong><\/li>\n<\/ul>\n<p><span style=\"color: #0000ff\"><strong>No los tenemos que generar llenas de energ\u00edas negativas, karma o egr\u00e9gores mentales. <\/strong><\/span><\/p>\n<h3><span style=\"color: #cc238e\"><strong>Proceso<\/strong><\/span><\/h3>\n<p><strong><span style=\"color: #0000ff\"><span style=\"text-decoration: underline\">Primero<\/span><\/span><\/strong><\/p>\n<p><strong><span style=\"color: #0000ff\">Tenemos que hacer el anclaje del tetraedro que apunta hacia abajo, el tetraedro femenino que nos ancla a la Madre Tierra, la matriz femenina que nos permite manifestarnos como Humanos Luz. <\/span><\/strong><\/p>\n<p><strong><span style=\"color: #0000ff\">Lo activamos Merk\u00e1bicamente a trav\u00e9s de nuestros Chakras Inferiores: Chakra Ra\u00edz, Base, Plexo Solar y Card\u00edaco, porque est\u00e1n fusionados al tetraedro que apunta hacia abajo y, para conseguirlo, tiene que autorizarte la Madre Tierra Gaia y los Devas de la Naturaleza. <\/span><\/strong><\/p>\n<p><strong><span style=\"color: #0000ff\">Esta Geometr\u00eda se transforma en un v\u00f3rtice de lanzamiento de energ\u00eda, de frecuencias, que conecta con el octaedro de la Madre Tierra, la matriz de la Tierra, que se ensambla a trav\u00e9s de la Geometr\u00eda Sagrada. <\/span><\/strong><\/p>\n<p><strong><span style=\"color: #0000ff\">Este tetraedro girar\u00e1 contrarrotatorio, que se estabiliza con un disco estabilizador de frecuencias. El disco estabilizador tambi\u00e9n lo tiene la Madre Tierra, se encuentra en la franja del ecuador y dentro de esta franja est\u00e1 en el paralelo 33. El cuerpo de la Tierra, con sus meridianos y paralelos, se estabiliza con el paralelo 33 para poder funcionar como el Humano Luz de 5D. <\/span><\/strong><\/p>\n<p><strong><span style=\"color: #0000ff\">Nosotros estabilizamos el tetraedro femenino que nos ancla a la Tierra con un disco estabilizador situado a la altura del Plexo Solar.\u00a0<\/span> <\/strong><\/p>\n<p><strong><span style=\"color: #0000ff\">Con estos 4 Chakras conectamos autom\u00e1ticamente con la Maestr\u00eda, con los Maestros Terrestres y, de all\u00ed, con la Hermandad de Aramo Mur\u00fa o con la Hermandad de los 7 Rayos o Lem\u00faria.\u00a0<\/span> <\/strong><\/p>\n<p><strong><span style=\"color: #0000ff\">Ya estamos conectados con la Matriz de Gaia. Nosotros no nos fusionamos con nuestro cuerpo f\u00edsico de carne, es a trav\u00e9s del Cuerpo de Luz Merkaba para poder empezar a funcionar como Humano Luz o Merk\u00e1bico.<\/span> <\/strong><\/p>\n<p><span style=\"text-decoration: underline\"><strong><span style=\"color: #0000ff;text-decoration: underline\">Segundo<\/span><\/strong><\/span><\/p>\n<p><strong><span style=\"color: #0000ff\">Luego, haremos el anclaje del tetraedro que apunta hacia arriba, el tetraedro masculino, que nos ancla al Sol porque est\u00e1 enlazado en convergencia arm\u00f3nica con el Sol de la galaxia y, a trav\u00e9s del Sol gal\u00e1ctico, nos baja a nuestro Sol y a nosotros, y nos conecta con nuestro Yo Superior. El Yo Superior es el software completo que tiene la divinidad, o sea, el enlace a la parte espiritual. <\/span><\/strong><\/p>\n<p><strong><span style=\"color: #0000ff\">La espiritualidad no hay que confundirla con la religi\u00f3n, ya que es una frecuencia de luz cristalina muy alta que nos permite ser impecables, ser Cr\u00edsticos como un cristal. <\/span><\/strong><\/p>\n<p><strong><span style=\"color: #0000ff\">Aqu\u00ed nos toca en base al Chakra Card\u00edaco, Garganta, Tercer Ojo o Pineal y Chakra Corona, aline\u00e1ndolos y activ\u00e1ndolos, como una dinamo de energ\u00eda que genera un v\u00f3rtice que imanta las frecuencias de la M\u00f3nada Yo Soy para quedarnos unificados a ella y poder:<\/span><\/strong><\/p>\n<ul>\n<li><strong><span style=\"color: #0000ff\">Integrar a nuestro avatar de luz merk\u00e1bico todo el programa de la divinidad.<\/span><\/strong><\/li>\n<li><strong><span style=\"color: #0000ff\">Poder crear nuestras realidades para no tomar nada de la Matrix. <\/span><\/strong><\/li>\n<li><strong><span style=\"color: #0000ff\">Manifestar diariamente a trav\u00e9s de nuestra forma &#8211; pensamiento, llamada Conciencia, porque somos hijos de la Tierra y del padre Sol, dicho en maya o cham\u00e1nico. <\/span><\/strong><\/li>\n<\/ul>\n<p><strong><span style=\"color: #0000ff\">Al encender y hacer respiraciones, enlazamos con la parte masculina del Merkaba que va a trav\u00e9s del Sol hacia La Fuente. Tenemos el tetraedro masculino que tambi\u00e9n necesita un disco estabilizador que pasa por el Chakra Card\u00edaco. <\/span><\/strong><\/p>\n<p><strong><span style=\"color: #0000ff\">Entonces ya tenemos el tetraedro femenino, Madre Tierra, activado con el segundo tetraedro masculino superior y nos vamos a conectar con la Administraci\u00f3n Gal\u00e1ctica que tiene muchos desdoblamientos: <\/span><\/strong><\/p>\n<p><strong><span style=\"color: #0000ff\">1.- Nuestros humanos de raza superior que nos asisten en este tema. <\/span><\/strong><\/p>\n<p><strong><span style=\"color: #0000ff\">2.- Los arcturianos con los cristales, los andromedanos, antarianos y pleyadianos. M\u00e1s adelante vendr\u00e1n los sirianos, una vez est\u00e9 conectado todo el ensamble, ya que ellos tienen una energ\u00eda muy superior, que es la de los leones de 13D, para luego ir ensamblando de dimensi\u00f3n a dimensi\u00f3n, hasta llegar a la 33D.\u00a0<\/span> <\/strong><\/p>\n<p><strong><span style=\"color: #0000ff\">Las personas, cuando se nombra el nivel 33, lo encasillan en un mas\u00f3n o en un reptil. Esto hay que desecharlo porque pertenece a la dualidad. <\/span><\/strong><\/p>\n<p><strong><span style=\"color: #0000ff\">Tenemos que conocer otro enga\u00f1o, Jes\u00fas Sananda no muri\u00f3 a los 33 a\u00f1os, sino que a los 33 realiz\u00f3 la iniciaci\u00f3n de su Maestr\u00eda, como Maestro 33 en la materia y en una sola encarnaci\u00f3n, como un curso acelerado. Esto no se hab\u00eda experimentado nunca anteriormente. <\/span><\/strong><\/p>\n<p><strong><span style=\"color: #0000ff\">El tetraedro masculino que tenemos que enlazar al Cosmos o a la Fuente que Todo lo Es nos conectar\u00e1 a la sabidur\u00eda multidimensional total de las 33 dimensiones para tener la base del Maestro 33. <\/span><\/strong><\/p>\n<p><strong><span style=\"color: #0000ff\">Es una Maestr\u00eda propia, escal\u00f3n a escal\u00f3n, y est\u00e1 todo dentro de nosotros, se trata de recordar conciencialmente la informaci\u00f3n de qui\u00e9n somos<\/span><\/strong>.<\/p>\n<p><strong><span style=\"color: #0000ff\">Una vez creadas las 2 pir\u00e1mides de Geometr\u00eda Sagrada, las colocaremos en posici\u00f3n para empezar el giro de ellas. No se debe hacer girar cada pir\u00e1mide por separado o con el Merkaba aplastado porque podr\u00edamos irnos a un agujero negro, entre otros lugares. <\/span><\/strong><\/p>\n<p><strong><span style=\"color: #0000ff\">Cuando tengamos el Merkaba completo y estabilizado, tendremos la garant\u00eda de que el alma nunca se nos marchar\u00e1 del cuerpo. Este es el comando aqu\u00ed en la Tierra, con el avatar terrestre. <\/span><\/strong><\/p>\n<p><strong><span style=\"color: #0000ff\">El Merkaba hace caer la barrera o brana secuencial que tenemos entre los 2 hemisferios y este velo nos impide recordar a ir al centro para empezar a funcionar como Humanos Luz.<\/span> <\/strong><\/p>\n<h3><span style=\"color: #cc238e\">Fecha de inicio de la Sincronizaci\u00f3n<\/span><\/h3>\n<p><strong><span style=\"color: #0000ff\">La sincronizaci\u00f3n Tierra &#8211; Cielo empez\u00f3 ya, es para cualquier ser humano que entienda esta informaci\u00f3n. Y es rapid\u00edsima. La vamos a iniciar ahora hasta el a\u00f1o 2026. <\/span><\/strong><\/p>\n<h3><span style=\"color: #cc238e\">\u00bfC\u00f3mo hacemos todo esto?<\/span><\/h3>\n<p><strong><span style=\"color: #0000ff\">El Merkaba es lo que nos sincroniza a la Madre Tierra y al patr\u00f3n generador del dise\u00f1o que lo tenemos a trav\u00e9s del Yo Soy, arriba al Padre, y se hace a trav\u00e9s de ambas energ\u00edas, la energ\u00eda femenina y la energ\u00eda masculina, porque la \u00abHumanidad Luz\u00bb ahora tiene que construir y usar las 2 energ\u00edas al 50% femenina y al 50% masculina, tanto los hombres como las mujeres. No confundirlo con los g\u00e9neros del cuerpo humano. La energ\u00eda femenina la tomamos de la Tierra y la energ\u00eda masculina a trav\u00e9s del Sol. Nos estamos refiriendo a la energ\u00eda del Ser, no importa en qu\u00e9 envase est\u00e9. Varones y mujeres las tenemos que integrar. Es un trabajo alquimista que se produce en el coraz\u00f3n. <\/span><\/strong><\/p>\n<h3><span style=\"color: #cc238e\">La Alquimia<\/span><\/h3>\n<p><span style=\"color: #0000ff\"><strong>En el coraz\u00f3n se produce la alquimia de las 2 energ\u00edas. El tetraedro que apunta a Madre Tierra sube con su disco estabilizador y el tetraedro que apunta hacia arriba, desciende otro poco con su disco estabilizador. <\/strong><\/span><\/p>\n<p><strong><span style=\"color: #0000ff\">Los 2 tetraedros se integran formando la estrella de 6 puntas visto de plano, o bien el cubo Metrar\u00f3n visto volum\u00e9tricamente. <\/span><\/strong><\/p>\n<p><strong><span style=\"color: #0000ff\">Este es exactamente al \u00c1rbol de la Vida completo o el Merkaba traducido al hebreo.<\/span> <\/strong><\/p>\n<h3><span style=\"color: #cc238e\">El \u00c1rbol de la Vida<\/span><\/h3>\n<p><strong><span style=\"color: #0000ff\">El \u00c1rbol de la Vida es la integraci\u00f3n, pero el \u00e1rbol no siempre nos da fruto.<\/span><\/strong><\/p>\n<figure id=\"attachment_4760\" aria-describedby=\"caption-attachment-4760\" style=\"width: 395px\" class=\"wp-caption aligncenter\"><img loading=\"lazy\" decoding=\"async\" class=\"wp-image-4760\" src=\"https:\/\/www.mangelsmestre.com\/main\/wp-content\/uploads\/sites\/4\/2023\/09\/Semilla-de-la-Vida.png\" alt=\"\" width=\"395\" height=\"377\" srcset=\"https:\/\/www.mangelsmestre.com\/main\/wp-content\/uploads\/sites\/4\/2023\/09\/Semilla-de-la-Vida.png 482w, https:\/\/www.mangelsmestre.com\/main\/wp-content\/uploads\/sites\/4\/2023\/09\/Semilla-de-la-Vida-300x286.png 300w\" sizes=\"auto, (max-width: 395px) 100vw, 395px\" \/><figcaption id=\"caption-attachment-4760\" class=\"wp-caption-text\">Semilla de la Vida sobre Flor de la Vida<\/figcaption><\/figure>\n<p><strong><span style=\"color: #0000ff\">Una vez que nosotros generamos el cuerpo Merk\u00e1bico, que es el \u00c1rbol, como \u00e1rbol sus ra\u00edces nos conectan a la tierra, y su copa, que es nuestra Conciencia al Universo, a las 33 dimensiones donde pasamos a ser Kadm\u00f3nicos o Kadmon, que significa multidimensional, de las 33D, y pasamos a trabajar como Humano Luz, que es empezar a funcionar.\u00a0<\/span> <\/strong><\/p>\n<figure id=\"attachment_4761\" aria-describedby=\"caption-attachment-4761\" style=\"width: 320px\" class=\"wp-caption aligncenter\"><img loading=\"lazy\" decoding=\"async\" class=\"wp-image-4761 size-full\" src=\"https:\/\/www.mangelsmestre.com\/main\/wp-content\/uploads\/sites\/4\/2023\/09\/Flor-de-la-Vida_01.jpg\" alt=\"\" width=\"320\" height=\"318\" srcset=\"https:\/\/www.mangelsmestre.com\/main\/wp-content\/uploads\/sites\/4\/2023\/09\/Flor-de-la-Vida_01.jpg 320w, https:\/\/www.mangelsmestre.com\/main\/wp-content\/uploads\/sites\/4\/2023\/09\/Flor-de-la-Vida_01-300x298.jpg 300w, https:\/\/www.mangelsmestre.com\/main\/wp-content\/uploads\/sites\/4\/2023\/09\/Flor-de-la-Vida_01-150x150.jpg 150w\" sizes=\"auto, (max-width: 320px) 100vw, 320px\" \/><figcaption id=\"caption-attachment-4761\" class=\"wp-caption-text\">\u00c1rbol de la Vida sobre Flor de la Vida<\/figcaption><\/figure>\n<p><strong><span style=\"color: #0000ff\">Las 3 fases son: Semilla de la Vida, \u00c1rbol de la Vida y Fruto de la Vida. Y el holograma total esf\u00e9rico de la Flor de la Vida girando y emanando Amor Incondicional. <\/span><\/strong><\/p>\n<figure id=\"attachment_4759\" aria-describedby=\"caption-attachment-4759\" style=\"width: 415px\" class=\"wp-caption aligncenter\"><img loading=\"lazy\" decoding=\"async\" class=\"wp-image-4759\" src=\"https:\/\/www.mangelsmestre.com\/main\/wp-content\/uploads\/sites\/4\/2023\/09\/Fruto-de-la-Vida.png\" alt=\"\" width=\"415\" height=\"421\" srcset=\"https:\/\/www.mangelsmestre.com\/main\/wp-content\/uploads\/sites\/4\/2023\/09\/Fruto-de-la-Vida.png 482w, https:\/\/www.mangelsmestre.com\/main\/wp-content\/uploads\/sites\/4\/2023\/09\/Fruto-de-la-Vida-295x300.png 295w\" sizes=\"auto, (max-width: 415px) 100vw, 415px\" \/><figcaption id=\"caption-attachment-4759\" class=\"wp-caption-text\">Fruto de la Vida sobre Flor de la Vida<\/figcaption><\/figure>\n<p><strong><span style=\"color: #0000ff\">Por \u00faltimo, una vez tenemos el cuerpo de 5D que usaremos cuando tengamos todo integrado, nos faltar\u00e1 acomodar nuestra Mente a Forma &#8211; Conciencia. <\/span><\/strong><\/p>\n<p><strong><span style=\"color: #0000ff\">La Mente es anal\u00edtica, no se entera de lo que toma de afuera, solamente es una computadora de s\u00edntesis que est\u00e1 muy bien pero le falta mucho gradiente para conectar con el Universo. <\/span><\/strong><\/p>\n<p><strong><span style=\"color: #0000ff\">Antes todo pasaba por el cerebro anal\u00edtico, ahora todo pasar\u00e1 por el coraz\u00f3n, porque su Llama Trina es inviolable, y m\u00e1s a\u00fan cuando est\u00e1 fusionada a la Llama Trina de la Tierra. Adem\u00e1s, a un cuerpo Merk\u00e1bico no hay nada oscuro que lo transgreda.\u00a0<\/span> <\/strong><\/p>\n<p><strong><span style=\"color: #0000ff\">Cua<\/span><span style=\"color: #0000ff\">ndo estabilizamos los 2 tetraedros con los 2 discos estabilizadores, forman un campo de luz dorada, que con la respiraci\u00f3n que nos viene de nacimiento, vamos subiendo de frecuencia hasta estabilizar un campo de frecuencia que sella los 2 tetraedros, ya estamos preparados para derribar la barrera o puente del velo, que pasa por el cuerpo calloso, que divid\u00eda los 2 hemisferios para no recordar lo que aprendemos hoy. <\/span><\/strong><\/p>\n<p><strong><span style=\"color: #0000ff\">Al caer el velo, se ampl\u00eda el banco de memoria que \u00edbamos ampliando por Mente. <\/span><\/strong><\/p>\n<p><strong><span style=\"color: #0000ff\">Vamos a tomar conciencia de la totalidad del Universo, a trav\u00e9s de la plenitud de las 33 dimensiones y el Humano de Luz Adam K\u00e1dmico Maestro 33 empieza su maestr\u00eda en la Tierra. No tenemos que aprender a ser maestro, ya que lo tenemos en los c\u00f3digos. Tendremos que activar el c\u00f3digo y recordar, nada m\u00e1s, y autom\u00e1ticamente empezaremos a funcionar como maestros humanos en la Tierra. <\/span><\/strong><\/p>\n<figure id=\"attachment_4769\" aria-describedby=\"caption-attachment-4769\" style=\"width: 299px\" class=\"wp-caption aligncenter\"><img loading=\"lazy\" decoding=\"async\" class=\"wp-image-4769 size-full\" src=\"https:\/\/www.mangelsmestre.com\/main\/wp-content\/uploads\/sites\/4\/2023\/09\/esfera-azul.jpg\" alt=\"\" width=\"299\" height=\"278\" \/><figcaption id=\"caption-attachment-4769\" class=\"wp-caption-text\">Esfera de la Flor de la Vida girando<\/figcaption><\/figure>\n<h3><span style=\"color: #cc238e\">\u00daltima fase del proceso<\/span><\/h3>\n<p><strong><span style=\"color: #0000ff\">Pasar de Mente a Conciencia y derribar el velo es la \u00faltima fase. Es la \u00faltima fase para la materia porque el alma va a seguir evolucionando hacia 6D, 7D, 8D,&#8230; pero ya fuera del cuerpo f\u00edsico. <\/span><\/strong><\/p>\n<p><strong><span style=\"color: #0000ff\">De Mente a Conciencia pasamos integrando la conexi\u00f3n del l\u00f3bulo izquierdo con el l\u00f3bulo derecho en uno solo. Con el l\u00f3bulo izquierdo que usamos ahora solo conocemos el 4% de la informaci\u00f3n del Cosmos, la otra parte est\u00e1 guardada en el inconsciente del l\u00f3bulo derecho porque nos pusieron el velo mientras estuvi\u00e9ramos desconectados del anclaje Merk\u00e1bico. <\/span><\/strong><\/p>\n<p><strong><span style=\"color: #0000ff\">El velo de la memoria cae en autom\u00e1tico y, al caer, recordamos el 96% de la informaci\u00f3n del Cosmos, que se acoplar\u00e1 al 4% que conocemos para tener el banco de datos completo que entra a trav\u00e9s de nuestra conciencia. <\/span><\/strong><\/p>\n<h3><span style=\"color: #cc238e\">Nuevo Anclaje a Madre Tierra<\/span><\/h3>\n<p><span style=\"color: #0000ff\"><strong>Ahora, con el cuerpo de luz Merk\u00e1bico, vamos a anclar nuevamente a Madre Tierra, esta vez no se ancla al n\u00facleo. <\/strong><\/span><\/p>\n<p><span style=\"color: #0000ff\"><strong>Antes de fusionarnos, la primera vez con Madre Tierra, funcion\u00e1bamos generando un campo electromagn\u00e9tico que llam\u00e1bamos \u00abaura\u00bb, rodeando al cuerpo humano que nos sosten\u00eda solo con 7 chakras inferiores y no conectados al MerKaBa. Tampoco ten\u00edamos el toroide, que es un campo mucho m\u00e1s grande, que nos ajusta nuestro campo gravitacional al campo gravitacional de la Tierra, como planeta, y al campo gravitacional de toda la galaxia y todo el universo.<\/strong> <\/span><\/p>\n<p><img loading=\"lazy\" decoding=\"async\" class=\"aligncenter size-full wp-image-4754\" src=\"https:\/\/www.mangelsmestre.com\/main\/wp-content\/uploads\/sites\/4\/2023\/09\/7-capas-sistema-aurico.png\" alt=\"\" width=\"506\" height=\"318\" srcset=\"https:\/\/www.mangelsmestre.com\/main\/wp-content\/uploads\/sites\/4\/2023\/09\/7-capas-sistema-aurico.png 506w, https:\/\/www.mangelsmestre.com\/main\/wp-content\/uploads\/sites\/4\/2023\/09\/7-capas-sistema-aurico-300x189.png 300w\" sizes=\"auto, (max-width: 506px) 100vw, 506px\" \/><\/p>\n<h3><span style=\"color: #cc238e\">Fase Toroidal<\/span><\/h3>\n<p><strong><span style=\"color: #0000ff\">Cuando conseguimos fusionar los 2 tetraedros y no solamente a la Tierra y al Cielo, sino a nuestro sistema de chakras, cae el velo y ya estamos listos para pasar de Mente a Conciencia, y nuestro campo \u00e1urico pasa a la Fase Toroidal, que es un campo de entrada y salida de energ\u00eda a trav\u00e9s del conducto pr\u00e1nico universal, que atraviesa nuestro cuerpo humano junto al eje vertical de la Tierra. <\/span><\/strong><\/p>\n<p><img loading=\"lazy\" decoding=\"async\" class=\"aligncenter size-full wp-image-2777\" src=\"https:\/\/www.mangelsmestre.com\/main\/wp-content\/uploads\/sites\/4\/2020\/06\/25-junio-05.jpg\" alt=\"\" width=\"600\" height=\"300\" srcset=\"https:\/\/www.mangelsmestre.com\/main\/wp-content\/uploads\/sites\/4\/2020\/06\/25-junio-05.jpg 600w, https:\/\/www.mangelsmestre.com\/main\/wp-content\/uploads\/sites\/4\/2020\/06\/25-junio-05-300x150.jpg 300w\" sizes=\"auto, (max-width: 600px) 100vw, 600px\" \/><\/p>\n<h3><span style=\"color: #cc238e\">Canal Pr\u00e1nico<\/span><\/h3>\n<p><strong><span style=\"color: #0000ff\">El Canal pr\u00e1nico se habilita para todos los humanos merk\u00e1bicos. Este canal habilita las 144.000 hebras. <\/span><\/strong><\/p>\n<p><strong><span style=\"color: #0000ff\">Cuando habilitamos las 12 fibras de ADN, que contienen la 144.000 hebras, generamos 144.000 frecuencias que nos tejen cu\u00e1nticamente con todo el universo entero. Es por esto que nuestro avatar de carne pasa a ser el avatar cu\u00e1ntico y quedamos, a trav\u00e9s de este Toroide, mucho m\u00e1s amplio que el aura, enlazados a la totalidad del Cosmos. <\/span><\/strong><\/p>\n<p><img loading=\"lazy\" decoding=\"async\" class=\" wp-image-4755 alignleft\" src=\"https:\/\/www.mangelsmestre.com\/main\/wp-content\/uploads\/sites\/4\/2023\/09\/Tubo.jpg\" alt=\"\" width=\"132\" height=\"191\" \/><\/p>\n<p><strong><span style=\"color: #0000ff\">Vemos en la figura el canal pr\u00e1nico como una columna con todos los chakras. Vemos al forma geom\u00e9trica producida por 3 c\u00edrculos. El humano ya est\u00e1 completo cuando estos 3 c\u00edrculos se tocan, y esto corresponde a la Flor de la Vida. <\/span><\/strong><\/p>\n<h3><span style=\"color: #cc238e\">Los 3 C\u00edrculos<\/span><\/h3>\n<ul>\n<li><strong><span style=\"color: #0000ff\">El c\u00edrculo de abajo es la <span style=\"text-decoration: underline\">Matriz de la Tierra<\/span>. <\/span><\/strong><\/li>\n<li><strong><span style=\"color: #0000ff\">El c\u00edrculo del medio es el que <span style=\"text-decoration: underline\">integra Cielo y Tierra<\/span>, conectados a trav\u00e9s de los 2 discos estabilizadores. <\/span><\/strong><\/li>\n<li><strong><span style=\"color: #0000ff\">El c\u00edrculo superior conecta al Programa de la Divinidad, que podr\u00edamos llamarlo nuestro <span style=\"text-decoration: underline\">Yo Superior<\/span>. <\/span><\/strong><\/li>\n<\/ul>\n<p><strong><span style=\"color: #0000ff\">Cualquier humano que conozca toda la informaci\u00f3n est\u00e1 preparado para hacer todo el ensamble, porque ya empez\u00f3 para la Tierra. <\/span><\/strong><\/p>\n<p><strong><span style=\"color: #0000ff\">Entonces, el campo \u00e1urico queda dentro del campo toroidal, que es mucho m\u00e1s grande, con su entrada y salida de energ\u00eda. <\/span><\/strong><\/p>\n<p><strong><span style=\"color: #0000ff\">A la energ\u00eda toroidal se le llama <span style=\"text-decoration: underline\">energ\u00eda taqui\u00f3n<\/span>, energ\u00eda c\u00e1bala, energ\u00eda antimateria, aceleraci\u00f3n del electr\u00f3n&#8230; y, en f\u00edsica cu\u00e1ntica, se la llama energ\u00eda de Planck, porque nos da un cierto campo gravitatorio, que es el mismo que tiene la Madre Tierra, y el mismo que el del universo de Nevad\u00f3n. <\/span><\/strong><\/p>\n<p><strong><span style=\"color: #0000ff\">Al campo toroidal, en f\u00edsica cu\u00e1ntica y at\u00f3mica, se le llama campo cu\u00e1ntico y se genera a trav\u00e9s de los anillos Van Allen. <\/span><\/strong><\/p>\n<p><img loading=\"lazy\" decoding=\"async\" class=\"aligncenter wp-image-4752\" src=\"https:\/\/www.mangelsmestre.com\/main\/wp-content\/uploads\/sites\/4\/2023\/09\/Navigating-the-Paradigm-Torus-Plasma-Domains.jpg\" alt=\"\" width=\"665\" height=\"469\" srcset=\"https:\/\/www.mangelsmestre.com\/main\/wp-content\/uploads\/sites\/4\/2023\/09\/Navigating-the-Paradigm-Torus-Plasma-Domains.jpg 720w, https:\/\/www.mangelsmestre.com\/main\/wp-content\/uploads\/sites\/4\/2023\/09\/Navigating-the-Paradigm-Torus-Plasma-Domains-300x212.jpg 300w\" sizes=\"auto, (max-width: 665px) 100vw, 665px\" \/><\/p>\n<h3><span style=\"color: #cc238e\">Anillos Van Allen<\/span><\/h3>\n<p><img loading=\"lazy\" decoding=\"async\" class=\"aligncenter wp-image-4758\" src=\"https:\/\/www.mangelsmestre.com\/main\/wp-content\/uploads\/sites\/4\/2023\/09\/Cinturon-Van-Allen.jpg\" alt=\"\" width=\"818\" height=\"460\" srcset=\"https:\/\/www.mangelsmestre.com\/main\/wp-content\/uploads\/sites\/4\/2023\/09\/Cinturon-Van-Allen.jpg 880w, https:\/\/www.mangelsmestre.com\/main\/wp-content\/uploads\/sites\/4\/2023\/09\/Cinturon-Van-Allen-300x169.jpg 300w, https:\/\/www.mangelsmestre.com\/main\/wp-content\/uploads\/sites\/4\/2023\/09\/Cinturon-Van-Allen-768x432.jpg 768w\" sizes=\"auto, (max-width: 818px) 100vw, 818px\" \/><\/p>\n<p><strong><span style=\"color: #0000ff\">Los anillos Van Allen se inauguran ahora porque los anteriores humanos no ten\u00edan el cuerpo merk\u00e1bico ni el anclaje a la Tierra. <\/span><\/strong><\/p>\n<p><strong><span style=\"color: #0000ff\">Los anillos se forman cuando hay m\u00e1s conciencia, cuando el ser humano sabe qui\u00e9n es, d\u00f3nde est\u00e1, y sabe que tiene que empezar a funcionar co-creando como un Dios, y estos anillos van agrand\u00e1ndose. <\/span><\/strong><\/p>\n<p><strong><span style=\"color: #0000ff\">Tienen anillos Van Allen el cuerpo de la Tierra, el cuerpo de la V\u00eda L\u00e1ctea, el de la Galaxia,&#8230; y lo tiene todo el Universo de Nevad\u00f3n. A trav\u00e9s de estos anillos se cae el velo de la memoria, el campo toroidal se agranda de manera infinita y, cuanto m\u00e1s se agranda, m\u00e1s conectamos con las 33 dimensiones del Universo. <\/span><\/strong><\/p>\n<p><strong><span style=\"color: #0000ff\">Los anillos se comandan desde nuestra Llama Trina y desde nuestra Conciencia. Los anillos nos conectan al \u00e9ter, al akasha, que es la luz l\u00edquida que conecta todo el universo con informaci\u00f3n, es como nuestro internet. <\/span><\/strong><\/p>\n<p><strong><span style=\"color: #0000ff\">Si hici\u00e9ramos un corte vertical de la imagen, ver\u00edamos 2 anillos, el nuestro y el del planeta. Todos los toroides est\u00e1n atravesados por el tubo pr\u00e1nico de luz y, con la parte superior, conecta con la Fuente de Todo Es, y con la parte inferior, conecta con la Matriz de la Tierra.\u00a0<\/span> <\/strong><\/p>\n<p><strong><span style=\"color: #0000ff\">Cuando la Tierra gir\u00f3 se abrieron 5 pasillos dimensionales. Los pasillos est\u00e1n abiertos para nosotros. \u00a1\u00a1No nos los podemos perder!! <\/span><\/strong><\/p>\n<p>&nbsp;<\/p>\n<p><em><strong><span style=\"color: #0000ff\">El contenido de este post es un resumen del siguiente v\u00eddeo de Andrea Barnab\u00e9:<br \/>\n<\/span><\/strong><\/em><\/p>\n<p><iframe loading=\"lazy\" title=\"56- AVATAR CU\u00c1NTICO - FUSI\u00d3N TIERRA-CIELO - con Andrea Barnab\u00e9\" width=\"780\" height=\"439\" src=\"https:\/\/www.youtube.com\/embed\/EyOazByHC4c?feature=oembed\" frameborder=\"0\" allow=\"accelerometer; autoplay; clipboard-write; encrypted-media; gyroscope; picture-in-picture; web-share\" allowfullscreen><\/iframe><\/p>\n<p>&nbsp;<\/p>\n<p>&nbsp;<\/p>\n<p>&nbsp;<\/p>\n","protected":false},"excerpt":{"rendered":"<p>Para habilitar esta gran tecnolog\u00eda, que es nuestro avatar, necesitamos de la fusi\u00f3n Tierra &#8211; Cielo. El orden para conseguirlo [&hellip;]<\/p>\n","protected":false},"author":2,"featured_media":4756,"comment_status":"open","ping_status":"open","sticky":false,"template":"","format":"standard","meta":{"footnotes":""},"categories":[1],"tags":[],"class_list":["post-4762","post","type-post","status-publish","format-standard","has-post-thumbnail","hentry","category-sin-categoria"],"_links":{"self":[{"href":"https:\/\/www.mangelsmestre.com\/main\/wp-json\/wp\/v2\/posts\/4762","targetHints":{"allow":["GET"]}}],"collection":[{"href":"https:\/\/www.mangelsmestre.com\/main\/wp-json\/wp\/v2\/posts"}],"about":[{"href":"https:\/\/www.mangelsmestre.com\/main\/wp-json\/wp\/v2\/types\/post"}],"author":[{"embeddable":true,"href":"https:\/\/www.mangelsmestre.com\/main\/wp-json\/wp\/v2\/users\/2"}],"replies":[{"embeddable":true,"href":"https:\/\/www.mangelsmestre.com\/main\/wp-json\/wp\/v2\/comments?post=4762"}],"version-history":[{"count":10,"href":"https:\/\/www.mangelsmestre.com\/main\/wp-json\/wp\/v2\/posts\/4762\/revisions"}],"predecessor-version":[{"id":4775,"href":"https:\/\/www.mangelsmestre.com\/main\/wp-json\/wp\/v2\/posts\/4762\/revisions\/4775"}],"wp:featuredmedia":[{"embeddable":true,"href":"https:\/\/www.mangelsmestre.com\/main\/wp-json\/wp\/v2\/media\/4756"}],"wp:attachment":[{"href":"https:\/\/www.mangelsmestre.com\/main\/wp-json\/wp\/v2\/media?parent=4762"}],"wp:term":[{"taxonomy":"category","embeddable":true,"href":"https:\/\/www.mangelsmestre.com\/main\/wp-json\/wp\/v2\/categories?post=4762"},{"taxonomy":"post_tag","embeddable":true,"href":"https:\/\/www.mangelsmestre.com\/main\/wp-json\/wp\/v2\/tags?post=4762"}],"curies":[{"name":"wp","href":"https:\/\/api.w.org\/{rel}","templated":true}]}}