{"id":524,"date":"2016-01-21T18:28:49","date_gmt":"2016-01-21T18:28:49","guid":{"rendered":"http:\/\/www.mangelsmestre.com\/main\/?p=524"},"modified":"2016-01-21T18:28:49","modified_gmt":"2016-01-21T18:28:49","slug":"contaminacion-electromagnetica","status":"publish","type":"post","link":"https:\/\/www.mangelsmestre.com\/main\/contaminacion-electromagnetica\/","title":{"rendered":"Contaminaci\u00f3n electromagn\u00e9tica"},"content":{"rendered":"<p>\t\t\t\t<a href=\"http:\/\/www.mangelsmestre.com\/main\/wp-content\/uploads\/2016\/01\/bombilla8001.jpg\"><img loading=\"lazy\" decoding=\"async\" class=\"aligncenter size-full wp-image-526\" src=\"http:\/\/www.mangelsmestre.com\/main\/wp-content\/uploads\/2016\/01\/bombilla8001.jpg\" alt=\"bombilla800\" width=\"800\" height=\"400\" \/><\/a><\/p>\n<p><strong>\u00abLas personas con fibromialgia son m\u00e1s vulnerables a la contaminaci\u00f3n electromagn\u00e9tica\u00bb<\/strong><\/p>\n<p>Este trimestre The Ecologist publica un n\u00famero monogr\u00e1fico sobre los peligros de la contaminaci\u00f3n electromagn\u00e9tica. He colaborado con la revista y os invito a descubrir la siguiente entrevista en la que expongo los s\u00edntomas y patolog\u00edas relacionados con la contaminaci\u00f3n electromagn\u00e9tica y la especial vulnerabilidad que manifiestan las personas afectadas de fibromialgia y s\u00edndrome de fatiga cr\u00f3nica.<\/p>\n<p>Lee la entrevista completa <a href=\"http:\/\/www.mangelsmestre.com\/main\/wp-content\/uploads\/2016\/01\/the-ecologist64-MARIA-ANGELES-MESTRE.pdf\" target=\"_blank\" rel=\"noopener noreferrer\">aqu\u00ed<\/a>.\t\t<\/p>\n","protected":false},"excerpt":{"rendered":"<p>\u00abLas personas con fibromialgia son m\u00e1s vulnerables a la contaminaci\u00f3n electromagn\u00e9tica\u00bb Este trimestre The Ecologist publica un n\u00famero monogr\u00e1fico sobre [&hellip;]<\/p>\n","protected":false},"author":1,"featured_media":526,"comment_status":"open","ping_status":"open","sticky":false,"template":"","format":"standard","meta":{"footnotes":""},"categories":[1],"tags":[49,65,71,102],"class_list":["post-524","post","type-post","status-publish","format-standard","has-post-thumbnail","hentry","category-sin-categoria","tag-contaminacion","tag-entrevista","tag-fibromialgia","tag-sindrome-de-fatiga-cronica"],"_links":{"self":[{"href":"https:\/\/www.mangelsmestre.com\/main\/wp-json\/wp\/v2\/posts\/524","targetHints":{"allow":["GET"]}}],"collection":[{"href":"https:\/\/www.mangelsmestre.com\/main\/wp-json\/wp\/v2\/posts"}],"about":[{"href":"https:\/\/www.mangelsmestre.com\/main\/wp-json\/wp\/v2\/types\/post"}],"author":[{"embeddable":true,"href":"https:\/\/www.mangelsmestre.com\/main\/wp-json\/wp\/v2\/users\/1"}],"replies":[{"embeddable":true,"href":"https:\/\/www.mangelsmestre.com\/main\/wp-json\/wp\/v2\/comments?post=524"}],"version-history":[{"count":0,"href":"https:\/\/www.mangelsmestre.com\/main\/wp-json\/wp\/v2\/posts\/524\/revisions"}],"wp:featuredmedia":[{"embeddable":true,"href":"https:\/\/www.mangelsmestre.com\/main\/wp-json\/"}],"wp:attachment":[{"href":"https:\/\/www.mangelsmestre.com\/main\/wp-json\/wp\/v2\/media?parent=524"}],"wp:term":[{"taxonomy":"category","embeddable":true,"href":"https:\/\/www.mangelsmestre.com\/main\/wp-json\/wp\/v2\/categories?post=524"},{"taxonomy":"post_tag","embeddable":true,"href":"https:\/\/www.mangelsmestre.com\/main\/wp-json\/wp\/v2\/tags?post=524"}],"curies":[{"name":"wp","href":"https:\/\/api.w.org\/{rel}","templated":true}]}}