{"id":706,"date":"2016-07-25T14:45:06","date_gmt":"2016-07-25T14:45:06","guid":{"rendered":"http:\/\/www.mangelsmestre.com\/main\/?p=706"},"modified":"2016-07-25T14:45:06","modified_gmt":"2016-07-25T14:45:06","slug":"falafels-de-sesamo","status":"publish","type":"post","link":"https:\/\/www.mangelsmestre.com\/main\/falafels-de-sesamo\/","title":{"rendered":"Falafels de s\u00e9samo"},"content":{"rendered":"<p>\t\t\t\tAntes de marchar de vacaciones, me gustar\u00eda compartir una receta que gusta mucho a los ni\u00f1os y la pueden tomar tambi\u00e9n las personas con celiaqu\u00eda. Adem\u00e1s, su preparaci\u00f3n es muy sencilla y r\u00e1pida: <strong>Falafels de s\u00e9samo<\/strong>.<\/p>\n<p><img loading=\"lazy\" decoding=\"async\" class=\"alignleft wp-image-707 size-medium\" src=\"http:\/\/www.mangelsmestre.com\/main\/wp-content\/uploads\/2016\/07\/falafel_s\u00e9samo600-300x225.jpg\" alt=\"falafel_s\u00e9samo600\" width=\"300\" height=\"225\" \/><\/p>\n<p><strong>Ingredientes:<\/strong><\/p>\n<p>1 taza de garbanzos previamente cocidos junto con 1 cebolla cortada a medias lunas gruesas.<\/p>\n<p>1 taza de gomasio en la proporci\u00f3n: 1 medida de sal por 18 medidas de s\u00e9samo.<\/p>\n<p>2 ajos macerados con tamari (opcional).<\/p>\n<p><strong>Preparaci\u00f3n:<\/strong><\/p>\n<p>\u2219 Triturar los garbanzos y las cebollas para formar un pur\u00e9. A\u00f1adir el gomasio y los ajos picados.<\/p>\n<p>\u2219 Hacer unas bolas, que podemos aplastar y dar forma con las manos.<\/p>\n<p>\u2219 Rebozar cada falafel con s\u00e9samo antes de introducirlos en el horno.<\/p>\n<p>\u2219 Se pueden hornear\u00a015 minutos o bien en la sart\u00e9n con un poco de aceite de s\u00e9samo.<\/p>\n<p>Estos falafels son m\u00e1s gustosos\u00a0\u00a0a los que habitualmente se preparan solo con garbanzos y esto se debe al sabor de las semillas de s\u00e9samo.<\/p>\n<p>&nbsp;\t\t<\/p>\n","protected":false},"excerpt":{"rendered":"<p>Antes de marchar de vacaciones, me gustar\u00eda compartir una receta que gusta mucho a los ni\u00f1os y la pueden tomar [&hellip;]<\/p>\n","protected":false},"author":1,"featured_media":707,"comment_status":"open","ping_status":"open","sticky":false,"template":"","format":"standard","meta":{"footnotes":""},"categories":[1],"tags":[35,92,98],"class_list":["post-706","post","type-post","status-publish","format-standard","has-post-thumbnail","hentry","category-sin-categoria","tag-alimentacion","tag-nutricion","tag-recetas-macrobioticas-para-la-salud"],"_links":{"self":[{"href":"https:\/\/www.mangelsmestre.com\/main\/wp-json\/wp\/v2\/posts\/706","targetHints":{"allow":["GET"]}}],"collection":[{"href":"https:\/\/www.mangelsmestre.com\/main\/wp-json\/wp\/v2\/posts"}],"about":[{"href":"https:\/\/www.mangelsmestre.com\/main\/wp-json\/wp\/v2\/types\/post"}],"author":[{"embeddable":true,"href":"https:\/\/www.mangelsmestre.com\/main\/wp-json\/wp\/v2\/users\/1"}],"replies":[{"embeddable":true,"href":"https:\/\/www.mangelsmestre.com\/main\/wp-json\/wp\/v2\/comments?post=706"}],"version-history":[{"count":0,"href":"https:\/\/www.mangelsmestre.com\/main\/wp-json\/wp\/v2\/posts\/706\/revisions"}],"wp:featuredmedia":[{"embeddable":true,"href":"https:\/\/www.mangelsmestre.com\/main\/wp-json\/wp\/v2\/media\/707"}],"wp:attachment":[{"href":"https:\/\/www.mangelsmestre.com\/main\/wp-json\/wp\/v2\/media?parent=706"}],"wp:term":[{"taxonomy":"category","embeddable":true,"href":"https:\/\/www.mangelsmestre.com\/main\/wp-json\/wp\/v2\/categories?post=706"},{"taxonomy":"post_tag","embeddable":true,"href":"https:\/\/www.mangelsmestre.com\/main\/wp-json\/wp\/v2\/tags?post=706"}],"curies":[{"name":"wp","href":"https:\/\/api.w.org\/{rel}","templated":true}]}}